{"id":19675,"date":"2017-03-13T21:45:24","date_gmt":"2017-03-13T21:45:24","guid":{"rendered":"https:\/\/www.academianutricionydietetica.org\/pro\/?p=19675"},"modified":"2024-03-06T12:09:07","modified_gmt":"2024-03-06T12:09:07","slug":"la-academia-espanola-de-nutricion-y-dietetica-acuerda-no-renovar-los-convenios-de-colaboracion-con-la-industria-alimentaria-y-farmaceutica","status":"publish","type":"post","link":"https:\/\/www.academianutricionydietetica.org\/pro\/transparencia\/declaracion-publica\/la-academia-espanola-de-nutricion-y-dietetica-acuerda-no-renovar-los-convenios-de-colaboracion-con-la-industria-alimentaria-y-farmaceutica\/","title":{"rendered":"La Academia Espa\u00f1ola de Nutrici\u00f3n y Diet\u00e9tica acuerda no renovar los convenios de colaboraci\u00f3n con la industria alimentaria y farmac\u00e9utica."},"content":{"rendered":"<p style=\"text-align: justify;\">Desde el 1 de enero de 2017, la Academia ha dejado de percibir de forma voluntaria el apoyo econ\u00f3mico a trav\u00e9s de patrocinios o acuerdos de colaboraci\u00f3n con la industria alimentaria y farmac\u00e9utica y procede a hacer p\u00fablico el documento de postura y declaraci\u00f3n de \u201centidad libre de conflictos de intereses econ\u00f3micos\u201d que regir\u00e1 el funcionamiento de la Academia en los pr\u00f3ximos a\u00f1os.<\/p>\n<p style=\"text-align: justify;\">Todos los convenios no han sido renovados a excepci\u00f3n de un convenio firmado con una asociaci\u00f3n de productores de pistachos en el 2016 como Fundaci\u00f3n Espa\u00f1ola de Dietistas-Nutricionistas (predecesora de la Academia). La vigencia de este convenio finaliza en el 2017.<\/p>\n<p style=\"text-align: justify;\">Con esta decisi\u00f3n, se ha puesto en marcha un \u201c<span style=\"color: #000000;\"><a style=\"color: #000000;\" href=\"https:\/\/www.academianutricionydietetica.org\/pro\/aendposturaydeclaracion\/\">Protocolo por la total transparencia, la integridad y la equidad en las pol\u00edticas de salud, la investigaci\u00f3n y el posicionamiento cient\u00edfico de la Academia Espa\u00f1ola de Nutrici\u00f3n y Diet\u00e9tica<\/a><\/span>\u201d que consiste en 15 normas que autorregulan las relaciones de la Academia con terceros y que tienen como objetivo garantizar a la poblaci\u00f3n espa\u00f1ola y a los dietistas-nutricionistas la independencia y transparencia en los posicionamientos cient\u00edficos y en los programas de formaci\u00f3n de la Academia.<\/p>\n<p style=\"text-align: justify;\">Este gran paso se ha dado gracias a la colaboraci\u00f3n con el Consejo General de Dietistas-Nutricionistas de Espa\u00f1a (CGD-NE), entidad que representa la profesi\u00f3n del dietista-nutricionista en nuestro pa\u00eds y que desde su propia constituci\u00f3n qued\u00f3 libre de cualquier conflicto de intereses econ\u00f3micos al no tener relaci\u00f3n con la industria alimentaria y farmac\u00e9utica. Sin embargo, la antigua Fundaci\u00f3n Espa\u00f1ola de Dietistas-Nutricionistas (predecesora de la Academia), sigui\u00f3 manteniendo relaciones con la industria alimentaria basadas en un protocolo de colaboraci\u00f3n con votaciones a ciegas recogido en la \u201c<a href=\"http:\/\/fedn.es\/docs\/guiafedn.pdf\">Gu\u00eda de la FEDN para las colaboraciones entidades<\/a>\u201d.<\/p>\n<p style=\"text-align: justify;\">Las motivaciones que han llevado a la Academia a esta conversi\u00f3n han sido, entre otras:<\/p>\n<ol style=\"list-style-type: lower-roman;\">\n<li style=\"text-align: justify;\">La Academia se ha entendido desde su nacimiento como una instituci\u00f3n que debe aspirar a los m\u00e1s altos est\u00e1ndares de calidad, transparencia, independencia y equipad. Aprovechando el cambio de FEDN a Academia, se acord\u00f3 liberar a la instituci\u00f3n de los posibles conflictos de intereses econ\u00f3micos.<\/li>\n<li style=\"text-align: justify;\">El pasado 3 de diciembre de 2016, la Asamblea General del CGD-NE declar\u00f3 como VOZ CIENT\u00cdFICA y \u00daNICA de la profesi\u00f3n de dietista-nutricionista y del propio Consejo General a la Academia Espa\u00f1ola de Nutrici\u00f3n y Diet\u00e9tica, tarea que se entiende debe ser llevada a cabo en la sociedad espa\u00f1ola con la mayor independencia y tomando decisiones basadas en pruebas imparciales (evidencia en nutrici\u00f3n).<\/li>\n<li style=\"text-align: justify;\">En los \u00faltimos a\u00f1os, la industria alimentaria y farmac\u00e9utica ha participado de forma activa y creciente en la financiaci\u00f3n de las Sociedades Cient\u00edficas (SSCC), Fundaciones y Asociaciones \/Colegios Profesionales (AAPP\/CCPP). Si bien la mayor parte de estas entidades han mantenido unas relaciones con la industria en un marco colaborativo, constructivo y de buena fe, en la actualidad, esta situaci\u00f3n est\u00e1 cambiando, y cada vez es mayor el n\u00famero de casos de malas pr\u00e1cticas en las relaciones de las organizaciones cient\u00edficas y profesionales con la industria.<\/li>\n<\/ol>\n<p style=\"text-align: justify;\">Con esta declaraci\u00f3n de \u201centidad libre de conflictos de intereses econ\u00f3micos\u201d la Academia viene a dar cumplimiento a un proceso iniciado en el 2008, por el que se declar\u00f3 la Revista Espa\u00f1ola de Nutrici\u00f3n Humana y Diet\u00e9tica una revista sin conflicto de intereses y al compromiso adoptado con todos los dietistas-nutricionistas del pa\u00eds en promover una entidad \u201clibre del conflicto de intereses econ\u00f3micos\u201d y que fue anunciado en el a\u00f1o 2014, en el marco del VI Congreso de la FEDN en la ciudad de Valencia.<\/p>\n<p style=\"text-align: justify;\"><strong>Manifiesto de la Academia<\/strong><\/p>\n<p style=\"text-align: justify;\">En el contexto actual de las relaciones y patrocinios de SS, Fundaciones y AAPP\/CCPP y, en particular, la cesi\u00f3n de avales en anuncios publicitarios dirigidos principalmente a la poblaci\u00f3n infantil, hace necesario un replanteamiento acerca de las relaciones con la industria alimentaria y farmac\u00e9utica, con el fin de velar por la salud de la poblaci\u00f3n.<\/p>\n<p style=\"text-align: justify;\">Por este motivo, y tras renunciar de forma voluntaria y consciente al modelo de financiaci\u00f3n con fondos provenientes de la industria alimentaria y farmac\u00e9utica, la Academia Espa\u00f1ola de Nutrici\u00f3n y Diet\u00e9tica inicia el documento de postura con un <strong><u>MANIFIESTO<\/u><\/strong> <strong>donde se realiza un llamamiento a todas las SSCC, Fundaciones y AAPP\/CCPP del \u00e1mbito sanitario a que<\/strong>:<\/p>\n<ol style=\"list-style-type: lower-roman;\">\n<li style=\"text-align: justify;\">Inicien un camino hacia la reconversi\u00f3n a organizaciones libres de conflictos de intereses econ\u00f3micos o, en su defecto, hagan p\u00fablico los conflictos de intereses de sus organizaciones y miembros de sus \u00f3rganos de gobierno.<\/li>\n<li style=\"text-align: justify;\">Implementen protocolos para la total transparencia, la integridad y la equidad en las pol\u00edticas de salud y relaciones con terceros.<\/li>\n<li style=\"text-align: justify;\">Eviten participar en las campa\u00f1as de marketing y comunicaci\u00f3n dirigidas a la poblaci\u00f3n a cambio de contraprestaciones econ\u00f3micas, prest\u00e1ndose a que la imagen de su instituci\u00f3n o la de sus representantes aparezca ante la opini\u00f3n p\u00fablica junto a la industria alimentaria y farmac\u00e9utica, incluidas aquellas empresas del sector agroalimentario y aquellas que distribuyen alimentos y\u00a0bebidas en grandes superficies comerciales.<\/li>\n<li style=\"text-align: justify;\">Retiren los avales cient\u00edficos que hayan otorgado a marcas de alimentos y\u00a0bebidas a cambio de contraprestaciones econ\u00f3micas, siendo de vital importancia para el bien de la ciudadan\u00eda y protecci\u00f3n de la salud de la comunidad, la retirada de aquellos avales que aparecen publicitados en radio, televisi\u00f3n, prensa, cine e internet.<\/li>\n<\/ol>\n<p style=\"text-align: justify;\">La Academia solicita a la industria alimentaria y farmac\u00e9utica desista de recabar el apoyo de las SS, Fundaciones y AAPP\/CCPP en sus campa\u00f1as de comunicaci\u00f3n dirigidas a la poblaci\u00f3n, es especial la poblaci\u00f3n infantil, e inicie una relaci\u00f3n con dichas entidades basadas en la transparencia, la integridad y la equidad.<\/p>\n<p style=\"text-align: justify;\">Las relaciones con la industria alimentaria y\/o farmac\u00e9utica pueden existir, es algo l\u00edcito y no tiene por qu\u00e9 ser negativo o perjudicial, sin embargo, se deben preservar los principios de independencia, trasparencia y proporcionalidad en todas las organizaciones sanitarias y entidades cient\u00edficas.<\/p>\n<p style=\"text-align: justify;\"><strong>El documento de postura ser\u00e1 sometido a \u201cgobierno abierto\u201d.<\/strong><\/p>\n<p style=\"text-align: justify;\">El documento no est\u00e1 cerrado y podr\u00eda sufrir cambios y verse mejorado. Siguiendo ejemplos de modelos de \u201cgobierno abierto\u201d que promueven instituciones m\u00e1s participativas y transparentes, se abrir\u00e1 un periodo de consulta p\u00fablica. En dicha fase podr\u00e1n participar todos los dietistas-nutricionistas y otros profesionales de la salud, ciudadanos del estado Espa\u00f1ol, as\u00ed como entidades jur\u00eddicas p\u00fablicas y privadas del \u00e1mbito de la Nutrici\u00f3n Humana y Diet\u00e9tica y de la Salud como sociedades cient\u00edficas, universidades, organizaciones de consumidores, empresas del sector de la industria alimentaria y\u00a0farmac\u00e9utica, etc.<\/p>\n<p style=\"text-align: justify;\">Asimismo, se requerir\u00e1 por escrito y se ofrecer\u00e1 la participaci\u00f3n al cuerpo de Acad\u00e9micos, al Comit\u00e9 Cient\u00edfico y los Grupos de Especializaci\u00f3n de la Academia, a los Colegios y Asociaciones Profesionales de Dietistas-Nutricionistas de las distintas comunidades aut\u00f3nomas, a la entidad Alimentacci\u00f3n (ONG de los dietistas-nutricionistas) y al Ministerio de Sanidad, Servicios Sociales e Igualdad, en particular, la Agencia Espa\u00f1ola de Consumo, Seguridad Alimentaria y Nutrici\u00f3n (AECOSAN).<\/p>\n<p style=\"text-align: justify;\">El periodo de consulta p\u00fablica dar\u00e1 inicio el 3 de abril de 2017 y finalizar\u00e1 el 2 de mayo de 2017.<\/p>\n<p style=\"text-align: justify;\"><strong>Un protocolo basado en 15 normas<\/strong><\/p>\n<p style=\"text-align: justify;\">La totalidad del documento de postura puede descargarse haciendo <strong><a href=\"http:\/\/www.academianutricionydietetica.org\/archivos\/AENDPosturayDeclaracion.pdf\">clic AQU\u00cd<\/a><\/strong>.<\/p>\n<p style=\"text-align: justify;\">Entre algunas de las normas aprobadas dentro del protocolo para la total transparencia, integridad y equidad, merece la pena resaltar:<\/p>\n<ol style=\"list-style-type: lower-roman;\">\n<li style=\"text-align: justify;\">Se crear\u00e1 un distintivo \u201cEntidad libre de conflicto de intereses econ\u00f3micos\u201d.<\/li>\n<li style=\"text-align: justify;\">La Academia, si colabora con alguna empresa, deber\u00e1 declarar p\u00fablicamente su conflicto de intereses econ\u00f3micos.<\/li>\n<li style=\"text-align: justify;\">Los miembros del equipo de direcci\u00f3n (patronato de la Academia) y miembros del Comit\u00e9 Cient\u00edfico y miembros colaboradores (Grupos de Especializaci\u00f3n y otros) deber\u00e1n declarar las relaciones que puedan tener con la industria alimentaria y farmac\u00e9utica y deber\u00e1n ser apartadas de todas las votaciones en que puedan existir conflictos.<\/li>\n<li style=\"text-align: justify;\">La Academia Espa\u00f1ola de Nutrici\u00f3n y Diet\u00e9tica entiende que, desde sus inicios, debe estar sustentada principalmente por las aportaciones econ\u00f3micas de los miembros de la Academia, las ayudas y subvenciones p\u00fablicas, los proyectos de investigaci\u00f3n, los programas de formaci\u00f3n y con acuerdos de colaboraci\u00f3n por trabajos desarrollados a terceros. La Academia no podr\u00e1 financiarse a trav\u00e9s de empresas y organizaciones que est\u00e9n vinculadas directa o indirectamente con:\n<ul style=\"list-style-type: circle;\">\n<li>La industria alimentaria: empresas y compa\u00f1\u00edas que produzcan alimentos y bebidas, empresas del sector de la distribuci\u00f3n alimentos y bebidas en grandes superficies comerciales.<\/li>\n<li>La industria farmac\u00e9utica.<\/li>\n<\/ul>\n<\/li>\n<li style=\"text-align: justify;\">Los miembros del equipo de direcci\u00f3n (patronato de la Academia), Comit\u00e9 Cient\u00edfico, Grupos de Especializaci\u00f3n y otros miembros colaboradores, no podr\u00e1n aceptar regalos. En la medida de lo posible, se evitar\u00e1n las \u201ccomidas de trabajo\u201d usando el formato de videoconferencia de forma preferencial.<\/li>\n<li style=\"text-align: justify;\">Ning\u00fan curso de formaci\u00f3n continuada de la Academia estar\u00e1 financiado por la industria, debi\u00e9ndose incluir el sello distintivo de independencia en todos los cursos. Se crear\u00e1 una marca o distintivo que refleje la formaci\u00f3n libre del conflicto de intereses econ\u00f3micos bajo la denominaci\u00f3n \u201cS\u00f3lo Nutrici\u00f3n y Diet\u00e9tica: formaci\u00f3n e investigaci\u00f3n\u201d.<\/li>\n<li style=\"text-align: justify;\">La revista seguir\u00e1 siendo financiada en su totalidad por la Academia Espa\u00f1ola de Nutrici\u00f3n y Diet\u00e9tica.<\/li>\n<li style=\"text-align: justify;\">La Academia Espa\u00f1ola de Nutrici\u00f3n y Diet\u00e9tica promover\u00e1 la pr\u00e1ctica de la nutrici\u00f3n basada en la evidencia.<\/li>\n<li style=\"text-align: justify;\">La Academia Espa\u00f1ola de Nutrici\u00f3n y Diet\u00e9tica promover\u00e1 la participaci\u00f3n, la escucha y la trasparencia a trav\u00e9s de un modelo de gobierno abierto.<\/li>\n<li style=\"text-align: justify;\">La Academia recomienda a todos los dietistas-nutricionistas y miembros de la Academia Espa\u00f1ola de Nutrici\u00f3n y Diet\u00e9tica, cumplan esta pol\u00edtica de transparencia, integridad, equidad en todas sus actividades profesionales (no s\u00f3lo las que realicen con la Academia). Quedan fuera de esta recomendaci\u00f3n aquellos dietistas-nutricionistas y profesionales de la salud que trabajen en la industria alimentaria y\/o farmac\u00e9utica, debiendo declarar tan s\u00f3lo su filiaci\u00f3n profesional en todas sus actividades.<\/li>\n<\/ol>\n<p style=\"text-align: center;\"><img decoding=\"async\" style=\"height: 222px; width: 220px;\" src=\"http:\/\/www.academianutricionydietetica.org\/archivos\/solonutricion.jpg\" alt=\"\" \/><\/p>\n<p style=\"text-align: justify;\"><strong>Acuerdos tomados de forma provisional para la organizaci\u00f3n de congresos.<\/strong><\/p>\n<p style=\"text-align: justify;\">Las 15 normas que afectar\u00e1n a las relaciones de la Academia con terceros, tambi\u00e9n afectar\u00e1n al Congreso de Alimentaci\u00f3n, Nutrici\u00f3n y Diet\u00e9tica promovido por la Academia.<\/p>\n<p style=\"text-align: justify;\">La Academia desea manifestar que apuesta por unas relaciones con la industria alimentaria y farmac\u00e9utica libre de conflictos de intereses econ\u00f3micos y que desea mantener vivo un di\u00e1logo abierto que contribuya a la mejora continua en el desarrollo y la innovaci\u00f3n de la industria alimentaria y\u00a0farmac\u00e9utica, con el fin de velar por el inter\u00e9s general de la poblaci\u00f3n.<\/p>\n<p style=\"text-align: justify;\">Por otro lado, tal y como se recoge en el documento, se han estudiado modelos de organizaci\u00f3n de congresos sin conflictos de intereses. Sin embargo, ning\u00fan modelo ofrece garant\u00edas suficientes de organizaci\u00f3n de congresos con \u00e9xito y sin riesgos econ\u00f3micos para la Academia.<\/p>\n<p style=\"text-align: justify;\">Ante esta situaci\u00f3n, y dado que la Academia Espa\u00f1ola de Nutrici\u00f3n y Diet\u00e9tica desea abrir un espacio de di\u00e1logo abierto y permanente entre los profesionales y la industria alimentaria y\/o farmac\u00e9utica, se permitir\u00e1, de forma provisional, la participaci\u00f3n en el Congreso de Alimentaci\u00f3n, Nutrici\u00f3n y Diet\u00e9tica a las empresas del sector de la industria alimentaria y\u00a0farmac\u00e9utica, siempre y cuando:<\/p>\n<ol style=\"list-style-type: lower-roman;\">\n<li style=\"text-align: justify;\">Se cumplan medidas que minimicen el riesgo de sesgo y por las que no s\u00e9 permitir\u00e1, como vienen siendo habitual en los congresos, que la industria alimentaria proponga ponencias en el programa cient\u00edfico del congreso y que la organizaci\u00f3n cobre por ello. Todas estas medidas, se recogen en el \u201c<a href=\"http:\/\/www.academianutricionydietetica.org\/archivos\/AENDcongresos.pdf\">Documento Director para la organizaci\u00f3n de congresos de la Academia. Disposiciones para minimizan el riesgo de sesgo<\/a>\u201d.<\/li>\n<li style=\"text-align: justify;\">Se destinen a terceros los posibles beneficios obtenidos de la organizaci\u00f3n de congresos (organizaciones ben\u00e9ficas, ONG, becas de retorno a los dietistas-nutricionistas o becas \u201cs\u00f3lo nutrici\u00f3n y diet\u00e9tica\u201d, fondos econ\u00f3micos de riesgo, etc.) con el fin de dar cumplimiento a las 15 normas recogidas en el documento de postura y que regulan que la Academia no podr\u00e1 financiarse de la industria alimentaria y farmac\u00e9utica.<\/li>\n<li style=\"text-align: justify;\">El congreso contar\u00e1 con una auditor\u00eda externa que garantice todo este procedimiento y lo har\u00e1 p\u00fablico anualmente.<\/li>\n<\/ol>\n<p style=\"text-align: justify;\">Esta provisionalidad, se llevar\u00e1 a t\u00e9rmino mientras se exploran nuevas formas para la organizaci\u00f3n de congresos y a la espera de dar cumplimiento a los acuerdos tomados en el marco la \u201c<a href=\"http:\/\/www.fedn.es\/noticias\/34-newsfund\/153-declaracion-de-montevideo\">Declaraci\u00f3n de Montevideo<\/a>\u201d, donde se establecer\u00e1 un documento director para la organizaci\u00f3n de congresos que recoja no s\u00f3lo aspectos organizativos, sino tambi\u00e9n la forma en la que se permitir\u00e1 la participaci\u00f3n de la industria alimentaria y\/o farmac\u00e9utica. Todo ello, en aras de garantizar un debate abierto y con independencia cient\u00edfica entre los dietistas-nutricionistas y los profesionales del sector de la industria.<\/p>\n<p style=\"text-align: justify;\"><strong>Agradecimientos.<\/strong><\/p>\n<p style=\"text-align: justify;\">La Academia desea dar las gracias p\u00fablicamente a los dietistas-nutricionistas del pa\u00eds que han decidido seguir formando parte de la Academia y han decidido apoyar econ\u00f3micamente a la instituci\u00f3n a trav\u00e9s de sus cuotas. Gracias a todas y todos ellos, la Academia ha podido dar este gran paso.<\/p>\n<p style=\"text-align: justify;\">Por \u00faltimo, la Academia desea agradecer p\u00fablicamente al CGD-NE y a los Colegios\/Asociaciones Auton\u00f3micas que forman parte del Consejo, haber participado en el proceso de creaci\u00f3n de nuestra instituci\u00f3n y haber apoyado el camino hacia la transparencia, la integridad y la equidad que supone la liberaci\u00f3n de los conflictos de intereses econ\u00f3micos.<\/p>\n<p style=\"text-align: center;\">\n","protected":false},"excerpt":{"rendered":"<p>Desde el 1 de enero de 2017, la Academia ha dejado de percibir de forma voluntaria el apoyo econ\u00f3mico a trav\u00e9s de patrocinios o acuerdos de colaboraci\u00f3n con la industria<\/p>\n","protected":false},"author":4,"featured_media":0,"comment_status":"closed","ping_status":"closed","sticky":false,"template":"","format":"standard","meta":{"_acf_changed":false,"_monsterinsights_skip_tracking":false,"_monsterinsights_sitenote_active":false,"_monsterinsights_sitenote_note":"","_monsterinsights_sitenote_category":0,"footnotes":""},"categories":[125,123],"tags":[],"class_list":["post-19675","post","type-post","status-publish","format-standard","hentry","category-declaracion-publica","category-transparencia"],"acf":[],"yoast_head":"<!-- This site is optimized with the Yoast SEO plugin v26.7 - https:\/\/yoast.com\/wordpress\/plugins\/seo\/ -->\n<title>La Academia Espa\u00f1ola de Nutrici\u00f3n y Diet\u00e9tica acuerda no renovar los convenios de colaboraci\u00f3n con la industria alimentaria y farmac\u00e9utica. - Academia Espa\u00f1ola de Nutrici\u00f3n y Diet\u00e9tica<\/title>\n<meta name=\"robots\" content=\"index, follow, max-snippet:-1, max-image-preview:large, max-video-preview:-1\" \/>\n<link rel=\"canonical\" href=\"https:\/\/www.academianutricionydietetica.org\/pro\/transparencia\/declaracion-publica\/la-academia-espanola-de-nutricion-y-dietetica-acuerda-no-renovar-los-convenios-de-colaboracion-con-la-industria-alimentaria-y-farmaceutica\/\" \/>\n<meta property=\"og:locale\" content=\"es_ES\" \/>\n<meta property=\"og:type\" content=\"article\" \/>\n<meta property=\"og:title\" content=\"La Academia Espa\u00f1ola de Nutrici\u00f3n y Diet\u00e9tica acuerda no renovar los convenios de colaboraci\u00f3n con la industria alimentaria y farmac\u00e9utica. - Academia Espa\u00f1ola de Nutrici\u00f3n y Diet\u00e9tica\" \/>\n<meta property=\"og:description\" content=\"Desde el 1 de enero de 2017, la Academia ha dejado de percibir de forma voluntaria el apoyo econ\u00f3mico a trav\u00e9s de patrocinios o acuerdos de colaboraci\u00f3n con la industria\" \/>\n<meta property=\"og:url\" content=\"https:\/\/www.academianutricionydietetica.org\/pro\/transparencia\/declaracion-publica\/la-academia-espanola-de-nutricion-y-dietetica-acuerda-no-renovar-los-convenios-de-colaboracion-con-la-industria-alimentaria-y-farmaceutica\/\" \/>\n<meta property=\"og:site_name\" content=\"Academia Espa\u00f1ola de Nutrici\u00f3n y Diet\u00e9tica\" \/>\n<meta property=\"article:published_time\" content=\"2017-03-13T21:45:24+00:00\" \/>\n<meta property=\"article:modified_time\" content=\"2024-03-06T12:09:07+00:00\" \/>\n<meta property=\"og:image\" content=\"http:\/\/www.academianutricionydietetica.org\/archivos\/solonutricion.jpg\" \/>\n<meta name=\"author\" content=\"Secretaria\" \/>\n<meta name=\"twitter:card\" content=\"summary_large_image\" \/>\n<meta name=\"twitter:label1\" content=\"Escrito por\" \/>\n\t<meta name=\"twitter:data1\" content=\"Secretaria\" \/>\n\t<meta name=\"twitter:label2\" content=\"Tiempo de lectura\" \/>\n\t<meta name=\"twitter:data2\" content=\"10 minutos\" \/>\n<script type=\"application\/ld+json\" class=\"yoast-schema-graph\">{\"@context\":\"https:\/\/schema.org\",\"@graph\":[{\"@type\":\"Article\",\"@id\":\"https:\/\/www.academianutricionydietetica.org\/pro\/transparencia\/declaracion-publica\/la-academia-espanola-de-nutricion-y-dietetica-acuerda-no-renovar-los-convenios-de-colaboracion-con-la-industria-alimentaria-y-farmaceutica\/#article\",\"isPartOf\":{\"@id\":\"https:\/\/www.academianutricionydietetica.org\/pro\/transparencia\/declaracion-publica\/la-academia-espanola-de-nutricion-y-dietetica-acuerda-no-renovar-los-convenios-de-colaboracion-con-la-industria-alimentaria-y-farmaceutica\/\"},\"author\":{\"name\":\"Secretaria\",\"@id\":\"https:\/\/www.academianutricionydietetica.org\/pro\/#\/schema\/person\/e9d1b91e24e7716303b883696c369b10\"},\"headline\":\"La Academia Espa\u00f1ola de Nutrici\u00f3n y Diet\u00e9tica acuerda no renovar los convenios de colaboraci\u00f3n con la industria alimentaria y farmac\u00e9utica.\",\"datePublished\":\"2017-03-13T21:45:24+00:00\",\"dateModified\":\"2024-03-06T12:09:07+00:00\",\"mainEntityOfPage\":{\"@id\":\"https:\/\/www.academianutricionydietetica.org\/pro\/transparencia\/declaracion-publica\/la-academia-espanola-de-nutricion-y-dietetica-acuerda-no-renovar-los-convenios-de-colaboracion-con-la-industria-alimentaria-y-farmaceutica\/\"},\"wordCount\":2351,\"image\":{\"@id\":\"https:\/\/www.academianutricionydietetica.org\/pro\/transparencia\/declaracion-publica\/la-academia-espanola-de-nutricion-y-dietetica-acuerda-no-renovar-los-convenios-de-colaboracion-con-la-industria-alimentaria-y-farmaceutica\/#primaryimage\"},\"thumbnailUrl\":\"http:\/\/www.academianutricionydietetica.org\/archivos\/solonutricion.jpg\",\"articleSection\":[\"Declaraci\u00f3n p\u00fablica de conflicto de intereses\",\"Transparencia\"],\"inLanguage\":\"es\"},{\"@type\":\"WebPage\",\"@id\":\"https:\/\/www.academianutricionydietetica.org\/pro\/transparencia\/declaracion-publica\/la-academia-espanola-de-nutricion-y-dietetica-acuerda-no-renovar-los-convenios-de-colaboracion-con-la-industria-alimentaria-y-farmaceutica\/\",\"url\":\"https:\/\/www.academianutricionydietetica.org\/pro\/transparencia\/declaracion-publica\/la-academia-espanola-de-nutricion-y-dietetica-acuerda-no-renovar-los-convenios-de-colaboracion-con-la-industria-alimentaria-y-farmaceutica\/\",\"name\":\"La Academia Espa\u00f1ola de Nutrici\u00f3n y Diet\u00e9tica acuerda no renovar los convenios de colaboraci\u00f3n con la industria alimentaria y farmac\u00e9utica. - Academia Espa\u00f1ola de Nutrici\u00f3n y Diet\u00e9tica\",\"isPartOf\":{\"@id\":\"https:\/\/www.academianutricionydietetica.org\/pro\/#website\"},\"primaryImageOfPage\":{\"@id\":\"https:\/\/www.academianutricionydietetica.org\/pro\/transparencia\/declaracion-publica\/la-academia-espanola-de-nutricion-y-dietetica-acuerda-no-renovar-los-convenios-de-colaboracion-con-la-industria-alimentaria-y-farmaceutica\/#primaryimage\"},\"image\":{\"@id\":\"https:\/\/www.academianutricionydietetica.org\/pro\/transparencia\/declaracion-publica\/la-academia-espanola-de-nutricion-y-dietetica-acuerda-no-renovar-los-convenios-de-colaboracion-con-la-industria-alimentaria-y-farmaceutica\/#primaryimage\"},\"thumbnailUrl\":\"http:\/\/www.academianutricionydietetica.org\/archivos\/solonutricion.jpg\",\"datePublished\":\"2017-03-13T21:45:24+00:00\",\"dateModified\":\"2024-03-06T12:09:07+00:00\",\"author\":{\"@id\":\"https:\/\/www.academianutricionydietetica.org\/pro\/#\/schema\/person\/e9d1b91e24e7716303b883696c369b10\"},\"breadcrumb\":{\"@id\":\"https:\/\/www.academianutricionydietetica.org\/pro\/transparencia\/declaracion-publica\/la-academia-espanola-de-nutricion-y-dietetica-acuerda-no-renovar-los-convenios-de-colaboracion-con-la-industria-alimentaria-y-farmaceutica\/#breadcrumb\"},\"inLanguage\":\"es\",\"potentialAction\":[{\"@type\":\"ReadAction\",\"target\":[\"https:\/\/www.academianutricionydietetica.org\/pro\/transparencia\/declaracion-publica\/la-academia-espanola-de-nutricion-y-dietetica-acuerda-no-renovar-los-convenios-de-colaboracion-con-la-industria-alimentaria-y-farmaceutica\/\"]}]},{\"@type\":\"ImageObject\",\"inLanguage\":\"es\",\"@id\":\"https:\/\/www.academianutricionydietetica.org\/pro\/transparencia\/declaracion-publica\/la-academia-espanola-de-nutricion-y-dietetica-acuerda-no-renovar-los-convenios-de-colaboracion-con-la-industria-alimentaria-y-farmaceutica\/#primaryimage\",\"url\":\"http:\/\/www.academianutricionydietetica.org\/archivos\/solonutricion.jpg\",\"contentUrl\":\"http:\/\/www.academianutricionydietetica.org\/archivos\/solonutricion.jpg\"},{\"@type\":\"BreadcrumbList\",\"@id\":\"https:\/\/www.academianutricionydietetica.org\/pro\/transparencia\/declaracion-publica\/la-academia-espanola-de-nutricion-y-dietetica-acuerda-no-renovar-los-convenios-de-colaboracion-con-la-industria-alimentaria-y-farmaceutica\/#breadcrumb\",\"itemListElement\":[{\"@type\":\"ListItem\",\"position\":1,\"name\":\"Inicio\",\"item\":\"https:\/\/www.academianutricionydietetica.org\/pro\/\"},{\"@type\":\"ListItem\",\"position\":2,\"name\":\"Transparencia\",\"item\":\"https:\/\/www.academianutricionydietetica.org\/pro\/transparencia\/\"},{\"@type\":\"ListItem\",\"position\":3,\"name\":\"Declaraci\u00f3n p\u00fablica de conflicto de intereses\",\"item\":\"https:\/\/www.academianutricionydietetica.org\/pro\/transparencia\/declaracion-publica\/\"},{\"@type\":\"ListItem\",\"position\":4,\"name\":\"La Academia Espa\u00f1ola de Nutrici\u00f3n y Diet\u00e9tica acuerda no renovar los convenios de colaboraci\u00f3n con la industria alimentaria y farmac\u00e9utica.\"}]},{\"@type\":\"WebSite\",\"@id\":\"https:\/\/www.academianutricionydietetica.org\/pro\/#website\",\"url\":\"https:\/\/www.academianutricionydietetica.org\/pro\/\",\"name\":\"Academia Espa\u00f1ola de Nutrici\u00f3n y Diet\u00e9tica\",\"description\":\"Formaci\u00f3n, noticias, jornadas y eventos\",\"potentialAction\":[{\"@type\":\"SearchAction\",\"target\":{\"@type\":\"EntryPoint\",\"urlTemplate\":\"https:\/\/www.academianutricionydietetica.org\/pro\/?s={search_term_string}\"},\"query-input\":{\"@type\":\"PropertyValueSpecification\",\"valueRequired\":true,\"valueName\":\"search_term_string\"}}],\"inLanguage\":\"es\"},{\"@type\":\"Person\",\"@id\":\"https:\/\/www.academianutricionydietetica.org\/pro\/#\/schema\/person\/e9d1b91e24e7716303b883696c369b10\",\"name\":\"Secretaria\",\"image\":{\"@type\":\"ImageObject\",\"inLanguage\":\"es\",\"@id\":\"https:\/\/www.academianutricionydietetica.org\/pro\/#\/schema\/person\/image\/\",\"url\":\"https:\/\/secure.gravatar.com\/avatar\/247b43c92937c97e6e1676ef357f9f5b0c592890e34a90558fff8368b22da015?s=96&d=mm&r=g\",\"contentUrl\":\"https:\/\/secure.gravatar.com\/avatar\/247b43c92937c97e6e1676ef357f9f5b0c592890e34a90558fff8368b22da015?s=96&d=mm&r=g\",\"caption\":\"Secretaria\"},\"sameAs\":[\"http:\/\/academianutricion.org\"]}]}<\/script>\n<!-- \/ Yoast SEO plugin. -->","yoast_head_json":{"title":"La Academia Espa\u00f1ola de Nutrici\u00f3n y Diet\u00e9tica acuerda no renovar los convenios de colaboraci\u00f3n con la industria alimentaria y farmac\u00e9utica. - Academia Espa\u00f1ola de Nutrici\u00f3n y Diet\u00e9tica","robots":{"index":"index","follow":"follow","max-snippet":"max-snippet:-1","max-image-preview":"max-image-preview:large","max-video-preview":"max-video-preview:-1"},"canonical":"https:\/\/www.academianutricionydietetica.org\/pro\/transparencia\/declaracion-publica\/la-academia-espanola-de-nutricion-y-dietetica-acuerda-no-renovar-los-convenios-de-colaboracion-con-la-industria-alimentaria-y-farmaceutica\/","og_locale":"es_ES","og_type":"article","og_title":"La Academia Espa\u00f1ola de Nutrici\u00f3n y Diet\u00e9tica acuerda no renovar los convenios de colaboraci\u00f3n con la industria alimentaria y farmac\u00e9utica. - Academia Espa\u00f1ola de Nutrici\u00f3n y Diet\u00e9tica","og_description":"Desde el 1 de enero de 2017, la Academia ha dejado de percibir de forma voluntaria el apoyo econ\u00f3mico a trav\u00e9s de patrocinios o acuerdos de colaboraci\u00f3n con la industria","og_url":"https:\/\/www.academianutricionydietetica.org\/pro\/transparencia\/declaracion-publica\/la-academia-espanola-de-nutricion-y-dietetica-acuerda-no-renovar-los-convenios-de-colaboracion-con-la-industria-alimentaria-y-farmaceutica\/","og_site_name":"Academia Espa\u00f1ola de Nutrici\u00f3n y Diet\u00e9tica","article_published_time":"2017-03-13T21:45:24+00:00","article_modified_time":"2024-03-06T12:09:07+00:00","og_image":[{"url":"http:\/\/www.academianutricionydietetica.org\/archivos\/solonutricion.jpg","type":"","width":"","height":""}],"author":"Secretaria","twitter_card":"summary_large_image","twitter_misc":{"Escrito por":"Secretaria","Tiempo de lectura":"10 minutos"},"schema":{"@context":"https:\/\/schema.org","@graph":[{"@type":"Article","@id":"https:\/\/www.academianutricionydietetica.org\/pro\/transparencia\/declaracion-publica\/la-academia-espanola-de-nutricion-y-dietetica-acuerda-no-renovar-los-convenios-de-colaboracion-con-la-industria-alimentaria-y-farmaceutica\/#article","isPartOf":{"@id":"https:\/\/www.academianutricionydietetica.org\/pro\/transparencia\/declaracion-publica\/la-academia-espanola-de-nutricion-y-dietetica-acuerda-no-renovar-los-convenios-de-colaboracion-con-la-industria-alimentaria-y-farmaceutica\/"},"author":{"name":"Secretaria","@id":"https:\/\/www.academianutricionydietetica.org\/pro\/#\/schema\/person\/e9d1b91e24e7716303b883696c369b10"},"headline":"La Academia Espa\u00f1ola de Nutrici\u00f3n y Diet\u00e9tica acuerda no renovar los convenios de colaboraci\u00f3n con la industria alimentaria y farmac\u00e9utica.","datePublished":"2017-03-13T21:45:24+00:00","dateModified":"2024-03-06T12:09:07+00:00","mainEntityOfPage":{"@id":"https:\/\/www.academianutricionydietetica.org\/pro\/transparencia\/declaracion-publica\/la-academia-espanola-de-nutricion-y-dietetica-acuerda-no-renovar-los-convenios-de-colaboracion-con-la-industria-alimentaria-y-farmaceutica\/"},"wordCount":2351,"image":{"@id":"https:\/\/www.academianutricionydietetica.org\/pro\/transparencia\/declaracion-publica\/la-academia-espanola-de-nutricion-y-dietetica-acuerda-no-renovar-los-convenios-de-colaboracion-con-la-industria-alimentaria-y-farmaceutica\/#primaryimage"},"thumbnailUrl":"http:\/\/www.academianutricionydietetica.org\/archivos\/solonutricion.jpg","articleSection":["Declaraci\u00f3n p\u00fablica de conflicto de intereses","Transparencia"],"inLanguage":"es"},{"@type":"WebPage","@id":"https:\/\/www.academianutricionydietetica.org\/pro\/transparencia\/declaracion-publica\/la-academia-espanola-de-nutricion-y-dietetica-acuerda-no-renovar-los-convenios-de-colaboracion-con-la-industria-alimentaria-y-farmaceutica\/","url":"https:\/\/www.academianutricionydietetica.org\/pro\/transparencia\/declaracion-publica\/la-academia-espanola-de-nutricion-y-dietetica-acuerda-no-renovar-los-convenios-de-colaboracion-con-la-industria-alimentaria-y-farmaceutica\/","name":"La Academia Espa\u00f1ola de Nutrici\u00f3n y Diet\u00e9tica acuerda no renovar los convenios de colaboraci\u00f3n con la industria alimentaria y farmac\u00e9utica. - Academia Espa\u00f1ola de Nutrici\u00f3n y Diet\u00e9tica","isPartOf":{"@id":"https:\/\/www.academianutricionydietetica.org\/pro\/#website"},"primaryImageOfPage":{"@id":"https:\/\/www.academianutricionydietetica.org\/pro\/transparencia\/declaracion-publica\/la-academia-espanola-de-nutricion-y-dietetica-acuerda-no-renovar-los-convenios-de-colaboracion-con-la-industria-alimentaria-y-farmaceutica\/#primaryimage"},"image":{"@id":"https:\/\/www.academianutricionydietetica.org\/pro\/transparencia\/declaracion-publica\/la-academia-espanola-de-nutricion-y-dietetica-acuerda-no-renovar-los-convenios-de-colaboracion-con-la-industria-alimentaria-y-farmaceutica\/#primaryimage"},"thumbnailUrl":"http:\/\/www.academianutricionydietetica.org\/archivos\/solonutricion.jpg","datePublished":"2017-03-13T21:45:24+00:00","dateModified":"2024-03-06T12:09:07+00:00","author":{"@id":"https:\/\/www.academianutricionydietetica.org\/pro\/#\/schema\/person\/e9d1b91e24e7716303b883696c369b10"},"breadcrumb":{"@id":"https:\/\/www.academianutricionydietetica.org\/pro\/transparencia\/declaracion-publica\/la-academia-espanola-de-nutricion-y-dietetica-acuerda-no-renovar-los-convenios-de-colaboracion-con-la-industria-alimentaria-y-farmaceutica\/#breadcrumb"},"inLanguage":"es","potentialAction":[{"@type":"ReadAction","target":["https:\/\/www.academianutricionydietetica.org\/pro\/transparencia\/declaracion-publica\/la-academia-espanola-de-nutricion-y-dietetica-acuerda-no-renovar-los-convenios-de-colaboracion-con-la-industria-alimentaria-y-farmaceutica\/"]}]},{"@type":"ImageObject","inLanguage":"es","@id":"https:\/\/www.academianutricionydietetica.org\/pro\/transparencia\/declaracion-publica\/la-academia-espanola-de-nutricion-y-dietetica-acuerda-no-renovar-los-convenios-de-colaboracion-con-la-industria-alimentaria-y-farmaceutica\/#primaryimage","url":"http:\/\/www.academianutricionydietetica.org\/archivos\/solonutricion.jpg","contentUrl":"http:\/\/www.academianutricionydietetica.org\/archivos\/solonutricion.jpg"},{"@type":"BreadcrumbList","@id":"https:\/\/www.academianutricionydietetica.org\/pro\/transparencia\/declaracion-publica\/la-academia-espanola-de-nutricion-y-dietetica-acuerda-no-renovar-los-convenios-de-colaboracion-con-la-industria-alimentaria-y-farmaceutica\/#breadcrumb","itemListElement":[{"@type":"ListItem","position":1,"name":"Inicio","item":"https:\/\/www.academianutricionydietetica.org\/pro\/"},{"@type":"ListItem","position":2,"name":"Transparencia","item":"https:\/\/www.academianutricionydietetica.org\/pro\/transparencia\/"},{"@type":"ListItem","position":3,"name":"Declaraci\u00f3n p\u00fablica de conflicto de intereses","item":"https:\/\/www.academianutricionydietetica.org\/pro\/transparencia\/declaracion-publica\/"},{"@type":"ListItem","position":4,"name":"La Academia Espa\u00f1ola de Nutrici\u00f3n y Diet\u00e9tica acuerda no renovar los convenios de colaboraci\u00f3n con la industria alimentaria y farmac\u00e9utica."}]},{"@type":"WebSite","@id":"https:\/\/www.academianutricionydietetica.org\/pro\/#website","url":"https:\/\/www.academianutricionydietetica.org\/pro\/","name":"Academia Espa\u00f1ola de Nutrici\u00f3n y Diet\u00e9tica","description":"Formaci\u00f3n, noticias, jornadas y eventos","potentialAction":[{"@type":"SearchAction","target":{"@type":"EntryPoint","urlTemplate":"https:\/\/www.academianutricionydietetica.org\/pro\/?s={search_term_string}"},"query-input":{"@type":"PropertyValueSpecification","valueRequired":true,"valueName":"search_term_string"}}],"inLanguage":"es"},{"@type":"Person","@id":"https:\/\/www.academianutricionydietetica.org\/pro\/#\/schema\/person\/e9d1b91e24e7716303b883696c369b10","name":"Secretaria","image":{"@type":"ImageObject","inLanguage":"es","@id":"https:\/\/www.academianutricionydietetica.org\/pro\/#\/schema\/person\/image\/","url":"https:\/\/secure.gravatar.com\/avatar\/247b43c92937c97e6e1676ef357f9f5b0c592890e34a90558fff8368b22da015?s=96&d=mm&r=g","contentUrl":"https:\/\/secure.gravatar.com\/avatar\/247b43c92937c97e6e1676ef357f9f5b0c592890e34a90558fff8368b22da015?s=96&d=mm&r=g","caption":"Secretaria"},"sameAs":["http:\/\/academianutricion.org"]}]}},"_links":{"self":[{"href":"https:\/\/www.academianutricionydietetica.org\/pro\/wp-json\/wp\/v2\/posts\/19675","targetHints":{"allow":["GET"]}}],"collection":[{"href":"https:\/\/www.academianutricionydietetica.org\/pro\/wp-json\/wp\/v2\/posts"}],"about":[{"href":"https:\/\/www.academianutricionydietetica.org\/pro\/wp-json\/wp\/v2\/types\/post"}],"author":[{"embeddable":true,"href":"https:\/\/www.academianutricionydietetica.org\/pro\/wp-json\/wp\/v2\/users\/4"}],"replies":[{"embeddable":true,"href":"https:\/\/www.academianutricionydietetica.org\/pro\/wp-json\/wp\/v2\/comments?post=19675"}],"version-history":[{"count":6,"href":"https:\/\/www.academianutricionydietetica.org\/pro\/wp-json\/wp\/v2\/posts\/19675\/revisions"}],"predecessor-version":[{"id":22284,"href":"https:\/\/www.academianutricionydietetica.org\/pro\/wp-json\/wp\/v2\/posts\/19675\/revisions\/22284"}],"wp:attachment":[{"href":"https:\/\/www.academianutricionydietetica.org\/pro\/wp-json\/wp\/v2\/media?parent=19675"}],"wp:term":[{"taxonomy":"category","embeddable":true,"href":"https:\/\/www.academianutricionydietetica.org\/pro\/wp-json\/wp\/v2\/categories?post=19675"},{"taxonomy":"post_tag","embeddable":true,"href":"https:\/\/www.academianutricionydietetica.org\/pro\/wp-json\/wp\/v2\/tags?post=19675"}],"curies":[{"name":"wp","href":"https:\/\/api.w.org\/{rel}","templated":true}]}}