{"id":19819,"date":"2017-04-10T21:33:55","date_gmt":"2017-04-10T21:33:55","guid":{"rendered":"https:\/\/www.academianutricionydietetica.org\/pro\/?p=19819"},"modified":"2024-02-29T17:56:43","modified_gmt":"2024-02-29T17:56:43","slug":"gobierno-abierto-de-la-academia-apertura-del-plazo-de-exposicion-publica-del-documento-de-postura-entidad-libre-de-conflictos-de-intereses-economicos","status":"publish","type":"post","link":"https:\/\/www.academianutricionydietetica.org\/pro\/transparencia\/gobierno-abierto\/gobierno-abierto-de-la-academia-apertura-del-plazo-de-exposicion-publica-del-documento-de-postura-entidad-libre-de-conflictos-de-intereses-economicos\/","title":{"rendered":"Gobierno Abierto de la Academia: apertura del plazo de exposici\u00f3n p\u00fablica del Documento de Postura \u00abentidad libre de conflictos de intereses econ\u00f3micos\u00bb"},"content":{"rendered":"<p style=\"margin-left: 21.3pt; text-align: justify;\">Con fecha 14 de marzo de 2017, la Academia Espa\u00f1ola de Nutrici\u00f3n y Diet\u00e9tica procedi\u00f3 a hacer p\u00fablico el documento \u201cDocumento de postura y declaraci\u00f3n \u201centidad libre de conflictos de intereses econ\u00f3micos\u201d de la Academia Espa\u00f1ola de Nutrici\u00f3n y Diet\u00e9tica\u201d.<\/p>\n<p style=\"margin-left: 21.3pt; text-align: justify;\">Para acceder al contenido de la noticia hacer <a href=\"https:\/\/www.academianutricionydietetica.org\/pro\/noticias\/la-academia-espanola-de-nutricion-y-dietetica-acuerda-no-renovar-los-convenios-de-colaboracion-con-la-industria-alimentaria-y-farmaceutica\/\">clic AQU\u00cd<\/a><\/p>\n<p style=\"margin-left: 21.3pt; text-align: justify;\">Como ya se inform\u00f3, el documento no est\u00e1 cerrado y el proceso de revisi\u00f3n concluir\u00e1 con la exposici\u00f3n p\u00fablica siguiendo modelos de Gobierno Abierto que promueven instituciones m\u00e1s participativas y transparentes.<\/p>\n<p style=\"margin-left: 21.3pt; text-align: justify;\">La Academia informa que con fecha 10 de abril de 2017 se abre periodo de consulta p\u00fablica. Durante esta exposici\u00f3n p\u00fablica, podr\u00e1n participar todos los dietistas-nutricionistas y otros profesionales de la salud, ciudadanos del estado espa\u00f1ol, as\u00ed como entidades jur\u00eddicas p\u00fablicas y privadas del \u00e1mbito de la Nutrici\u00f3n Humana y Diet\u00e9tica y de la Salud como sociedades cient\u00edficas, universidades, organizaciones de consumidores, empresas del sector de la industria alimentaria y\/o farmac\u00e9utica, etc.<\/p>\n<p style=\"margin-left: 21.3pt; text-align: justify;\">La fecha l\u00edmite para hacer llegar las enmiendas es el <strong>9 de mayo de 2017<\/strong>. Para participar del Gobierno Abierto de la Academia es necesario:<\/p>\n<ul style=\"margin-left: 40px;\">\n<li style=\"text-align: justify;\">Cumplimentar la \u201cFicha de participaci\u00f3n Gobierno Abierto de la Academia\u201d.<\/li>\n<li style=\"text-align: justify;\">Remitir las enmiendas por correo electr\u00f3nico a la direcci\u00f3n <a href=\"mailto:gobiernoabierto@academianutricion.org\">gobiernoabierto@academianutricion.org<\/a> utilizando la plantilla que se puede descargar haciendo <a href=\"https:\/\/www.academianutricionydietetica.org\/archivos\/Enmiendasconflictos.xlsx\">clic AQU\u00cd<\/a>.<\/li>\n<\/ul>\n<p style=\"margin-left: 21.3pt; text-align: justify;\"><strong>Datos t\u00e9cnicos de la consulta p\u00fablica.<\/strong><\/p>\n<p style=\"margin-left: 21.3pt; text-align: justify;\">DEPARTAMENTO: \u00c1rea de direcci\u00f3n y coordinaci\u00f3n de la Academia Espa\u00f1ola de Nutrici\u00f3n y Diet\u00e9tica.<\/p>\n<p style=\"margin-left: 21.3pt; text-align: justify;\">UNIDAD RESPONSABLE: Patronato de la Academia.<\/p>\n<p style=\"margin-left: 21.3pt; text-align: justify;\">TIPO DE PROPUESTA: Documento de postura de la Academia: protocolo por la total transparencia, la integridad y la equidad en las pol\u00edticas de salud, la investigaci\u00f3n y el posicionamiento cient\u00edfico de la Academia.<\/p>\n<p style=\"margin-left: 21.3pt; text-align: justify;\">FASE DE LA PROPUESTA: Revisi\u00f3n del documento.<\/p>\n<p style=\"margin-left: 21.3pt; text-align: justify;\">ESTADO DEL PROCESO DE PARTICIPACION: Activo.<\/p>\n<p style=\"margin-left: 21.3pt; text-align: justify;\">ESTADO DE LA PROPUESTA DE GOBIERNO: Activo.<\/p>\n<p style=\"margin-left: 21.3pt; text-align: justify;\">DOCUMENTACION: <span style=\"color: #008080;\"><a style=\"color: #008080;\" href=\"https:\/\/www.academianutricionydietetica.org\/pro\/aend_posturaydeclaracion_2024\/\">Documento de postura y declaraci\u00f3n de \u201centidad libre de conflictos de intereses econ\u00f3micos\u201d de la Academia Espa\u00f1ola de Nutrici\u00f3n y Diet\u00e9tica. Protocolo por la total transparencia, la integridad y la equidad en las pol\u00edticas de salud, la investigaci\u00f3n y el posicionamiento cient\u00edfico de la Academia Espa\u00f1ola de Nutrici\u00f3n y Diet\u00e9tica.<\/a><\/span><\/p>\n<p style=\"margin-left: 21.3pt; text-align: justify;\">FECHA ACTUALIZACI\u00d3N: lunes, 10 de abril de 2017.<\/p>\n<p style=\"margin-left: 21.3pt; text-align: justify;\">PERIODOS DE PARTICIPACI\u00d3N: El documento de postura y declaraci\u00f3n de \u201centidad libre de conflictos de intereses econ\u00f3micos\u201d de la Academia Espa\u00f1ola de Nutrici\u00f3n y Diet\u00e9tica: protocolo por la total transparencia, la integridad y la equidad en las pol\u00edticas de salud, la investigaci\u00f3n y el posicionamiento cient\u00edfico de la Academia Espa\u00f1ola de Nutrici\u00f3n y Diet\u00e9tica, se somete a informaci\u00f3n p\u00fablica en su fase de dise\u00f1o desde el 10 de abril de 2017 al 9 de mayo de 2017.<\/p>\n<p style=\"margin-left: 21.3pt; text-align: justify;\"><strong>Ficha de participaci\u00f3n Gobierno Abierto de la Academia.<\/strong><\/p>\n<p style=\"margin-left: 21.3pt; text-align: justify;\">La Academia Espa\u00f1ola de Nutrici\u00f3n y Diet\u00e9tica le agradece su participaci\u00f3n y colaboraci\u00f3n en este espacio. Aqu\u00ed puede encontrar informaci\u00f3n sobre los instrumentos de participaci\u00f3n y colaboraci\u00f3n ciudadanas que est\u00e1n vigentes. Estos instrumentos son los mecanismos que utiliza la Academia para hacer efectivas la participaci\u00f3n y colaboraci\u00f3n ciudadanas en aquellos procesos en los cuales se necesita, para su propia eficacia, de una mayor implicaci\u00f3n ciudadana.<\/p>\n<p style=\"margin-left: 21.3pt; text-align: justify;\">Por favor, dedique un tiempo a completar su perfil personal, sin cumplimentar este apartado no puede participar en los documentos, planes y proyectos que se sometan a consulta p\u00fablica por parte de la Academia.<\/p>\n<p style=\"margin-left: 21.3pt; text-align: justify;\">Para cumplimentar la ficha de participaci\u00f3n hacer <a href=\"https:\/\/goo.gl\/forms\/HR4jXZZKpOJC9Vu32\">clic AQU\u00cd<\/a>.<\/p>\n<p style=\"margin-left: 21.3pt; text-align: justify;\"><strong>Normas de participaci\u00f3n.<\/strong><\/p>\n<p style=\"margin-left: 21.3pt; text-align: justify;\">Todo debate, incluso el realizado en espacios web, requiere de unas reglas, unos m\u00ednimos que permitan que las discusiones se mantengan dentro de los m\u00e1rgenes de la educaci\u00f3n y el sentido com\u00fan. Para ello se han establecido unas normas b\u00e1sicas en las que el equipo de moderaci\u00f3n de Gobierno Abierto se apoyar\u00e1 para decidir si una aportaci\u00f3n, comentario o contenido enviado se publica en la web.<\/p>\n<p style=\"margin-left: 21.3pt; text-align: justify;\">Dichas normas son:<\/p>\n<ul style=\"margin-left: 40px;\">\n<li style=\"text-align: justify;\">No se permite el env\u00edo de mensajes de contenido sexista, racista o xen\u00f3fobos, o que impliquen cualquier otro tipo de discriminaci\u00f3n.<\/li>\n<li style=\"text-align: justify;\">No se permitir\u00e1n los contenidos que promuevan actividades ilegales o que inciten a la violencia.<\/li>\n<li style=\"text-align: justify;\">Tampoco se permitir\u00e1n mensajes difamatorios, ofensivos, que afecten a la vida privada de otras personas, que supongan amenazas, o cuyos contenidos impliquen la violaci\u00f3n de la legislaci\u00f3n vigente. Esto incluye los mensajes con contenidos protegidos por derechos de autor, a no ser que la persona que env\u00eda el mensaje sea la propietaria de dichos derechos o cuente con autorizaci\u00f3n para el uso de dichos contenidos.<\/li>\n<li style=\"text-align: justify;\">Tampoco se permitir\u00e1n los mensajes que contengan acusaciones directas de faltas o delitos contra personas, empresas u otras entidades.<\/li>\n<li style=\"text-align: justify;\">Los contenidos que se env\u00eden desde robots inform\u00e1ticos con la intenci\u00f3n de generar ruido ser\u00e1n considerados spam y se eliminar\u00e1n.<\/li>\n<li style=\"text-align: justify;\">Si se demuestra que una persona ha suplantado la identidad de otra, ser\u00e1 motivo suficiente para no permitir la publicaci\u00f3n de contenido enviado por dicha persona.<\/li>\n<li style=\"text-align: justify;\">Estos contenidos son de uso particular. No se permite el uso de los mismos por parte de empresas para promocionar sus productos o servicios, ni siquiera en las secciones que pudieran reservarse a la publicaci\u00f3n de anuncios. De la misma manera, no se permite el env\u00edo de cartas cadena, marketing piramidal o similares.<\/li>\n<li style=\"text-align: justify;\">Se realizar\u00e1 un ejercicio de moderaci\u00f3n basado en el respeto. Las aportaciones y comentarios se ver\u00e1n reflejados en el portal de Gobierno Abierto siempre que observen las normas de participaci\u00f3n.<\/li>\n<\/ul>\n<p style=\"margin-left: 21.3pt; text-align: justify;\">La Academia no se responsabiliza ni comparte necesariamente las ideas o manifestaciones depositadas en las aportaciones.<\/p>\n<p style=\"margin-left: 21.3pt; text-align: justify;\">La discrepancia y la disparidad de puntos de vista ser\u00e1n siempre bienvenidos mientras no ataquen, amenacen o insulten a una persona, empresa, instituci\u00f3n o colectivo, revelen informaci\u00f3n privada de los mismos, incluyan publicidad comercial o autopromoci\u00f3n y contengan obscenidades u otros contenidos de mal gusto.<\/p>\n<p style=\"margin-left: 21.3pt; text-align: justify;\">As\u00ed mismo no existe ning\u00fan control sobre los contenidos enlazados en portales o servidores ajenos a la organizaci\u00f3n.<\/p>\n<p style=\"margin-left: 21.3pt; text-align: justify;\">La participaci\u00f3n en el Gobierno Abierto de la Academia supone la aceptaci\u00f3n de las Condiciones.<\/p>\n<p style=\"margin-left: 21.3pt; text-align: justify;\">En Pamplona a 10 de abril de 2017.<\/p>\n","protected":false},"excerpt":{"rendered":"<p>Con fecha 14 de marzo de 2017, la Academia Espa\u00f1ola de Nutrici\u00f3n y Diet\u00e9tica procedi\u00f3 a hacer p\u00fablico el documento \u201cDocumento de postura y declaraci\u00f3n \u201centidad libre de conflictos de<\/p>\n","protected":false},"author":4,"featured_media":0,"comment_status":"closed","ping_status":"closed","sticky":false,"template":"","format":"standard","meta":{"_acf_changed":false,"_monsterinsights_skip_tracking":false,"_monsterinsights_sitenote_active":false,"_monsterinsights_sitenote_note":"","_monsterinsights_sitenote_category":0,"footnotes":""},"categories":[124,123],"tags":[],"class_list":["post-19819","post","type-post","status-publish","format-standard","hentry","category-gobierno-abierto","category-transparencia"],"acf":[],"yoast_head":"<!-- This site is optimized with the Yoast SEO plugin v26.7 - https:\/\/yoast.com\/wordpress\/plugins\/seo\/ -->\n<title>Gobierno Abierto de la Academia: apertura del plazo de exposici\u00f3n p\u00fablica del Documento de Postura &quot;entidad libre de conflictos de intereses econ\u00f3micos&quot; - Academia Espa\u00f1ola de Nutrici\u00f3n y Diet\u00e9tica<\/title>\n<meta name=\"robots\" content=\"index, follow, max-snippet:-1, max-image-preview:large, max-video-preview:-1\" \/>\n<link rel=\"canonical\" href=\"https:\/\/www.academianutricionydietetica.org\/pro\/transparencia\/gobierno-abierto\/gobierno-abierto-de-la-academia-apertura-del-plazo-de-exposicion-publica-del-documento-de-postura-entidad-libre-de-conflictos-de-intereses-economicos\/\" \/>\n<meta property=\"og:locale\" content=\"es_ES\" \/>\n<meta property=\"og:type\" content=\"article\" \/>\n<meta property=\"og:title\" content=\"Gobierno Abierto de la Academia: apertura del plazo de exposici\u00f3n p\u00fablica del Documento de Postura &quot;entidad libre de conflictos de intereses econ\u00f3micos&quot; - Academia Espa\u00f1ola de Nutrici\u00f3n y Diet\u00e9tica\" \/>\n<meta property=\"og:description\" content=\"Con fecha 14 de marzo de 2017, la Academia Espa\u00f1ola de Nutrici\u00f3n y Diet\u00e9tica procedi\u00f3 a hacer p\u00fablico el documento \u201cDocumento de postura y declaraci\u00f3n \u201centidad libre de conflictos de\" \/>\n<meta property=\"og:url\" content=\"https:\/\/www.academianutricionydietetica.org\/pro\/transparencia\/gobierno-abierto\/gobierno-abierto-de-la-academia-apertura-del-plazo-de-exposicion-publica-del-documento-de-postura-entidad-libre-de-conflictos-de-intereses-economicos\/\" \/>\n<meta property=\"og:site_name\" content=\"Academia Espa\u00f1ola de Nutrici\u00f3n y Diet\u00e9tica\" \/>\n<meta property=\"article:published_time\" content=\"2017-04-10T21:33:55+00:00\" \/>\n<meta property=\"article:modified_time\" content=\"2024-02-29T17:56:43+00:00\" \/>\n<meta name=\"author\" content=\"Secretaria\" \/>\n<meta name=\"twitter:card\" content=\"summary_large_image\" \/>\n<meta name=\"twitter:label1\" content=\"Escrito por\" \/>\n\t<meta name=\"twitter:data1\" content=\"Secretaria\" \/>\n\t<meta name=\"twitter:label2\" content=\"Tiempo de lectura\" \/>\n\t<meta name=\"twitter:data2\" content=\"5 minutos\" \/>\n<script type=\"application\/ld+json\" class=\"yoast-schema-graph\">{\"@context\":\"https:\/\/schema.org\",\"@graph\":[{\"@type\":\"Article\",\"@id\":\"https:\/\/www.academianutricionydietetica.org\/pro\/transparencia\/gobierno-abierto\/gobierno-abierto-de-la-academia-apertura-del-plazo-de-exposicion-publica-del-documento-de-postura-entidad-libre-de-conflictos-de-intereses-economicos\/#article\",\"isPartOf\":{\"@id\":\"https:\/\/www.academianutricionydietetica.org\/pro\/transparencia\/gobierno-abierto\/gobierno-abierto-de-la-academia-apertura-del-plazo-de-exposicion-publica-del-documento-de-postura-entidad-libre-de-conflictos-de-intereses-economicos\/\"},\"author\":{\"name\":\"Secretaria\",\"@id\":\"https:\/\/www.academianutricionydietetica.org\/pro\/#\/schema\/person\/e9d1b91e24e7716303b883696c369b10\"},\"headline\":\"Gobierno Abierto de la Academia: apertura del plazo de exposici\u00f3n p\u00fablica del Documento de Postura \u00abentidad libre de conflictos de intereses econ\u00f3micos\u00bb\",\"datePublished\":\"2017-04-10T21:33:55+00:00\",\"dateModified\":\"2024-02-29T17:56:43+00:00\",\"mainEntityOfPage\":{\"@id\":\"https:\/\/www.academianutricionydietetica.org\/pro\/transparencia\/gobierno-abierto\/gobierno-abierto-de-la-academia-apertura-del-plazo-de-exposicion-publica-del-documento-de-postura-entidad-libre-de-conflictos-de-intereses-economicos\/\"},\"wordCount\":1094,\"articleSection\":[\"Gobierno abierto: consultas p\u00fablicas\",\"Transparencia\"],\"inLanguage\":\"es\"},{\"@type\":\"WebPage\",\"@id\":\"https:\/\/www.academianutricionydietetica.org\/pro\/transparencia\/gobierno-abierto\/gobierno-abierto-de-la-academia-apertura-del-plazo-de-exposicion-publica-del-documento-de-postura-entidad-libre-de-conflictos-de-intereses-economicos\/\",\"url\":\"https:\/\/www.academianutricionydietetica.org\/pro\/transparencia\/gobierno-abierto\/gobierno-abierto-de-la-academia-apertura-del-plazo-de-exposicion-publica-del-documento-de-postura-entidad-libre-de-conflictos-de-intereses-economicos\/\",\"name\":\"Gobierno Abierto de la Academia: apertura del plazo de exposici\u00f3n p\u00fablica del Documento de Postura \\\"entidad libre de conflictos de intereses econ\u00f3micos\\\" - Academia Espa\u00f1ola de Nutrici\u00f3n y Diet\u00e9tica\",\"isPartOf\":{\"@id\":\"https:\/\/www.academianutricionydietetica.org\/pro\/#website\"},\"datePublished\":\"2017-04-10T21:33:55+00:00\",\"dateModified\":\"2024-02-29T17:56:43+00:00\",\"author\":{\"@id\":\"https:\/\/www.academianutricionydietetica.org\/pro\/#\/schema\/person\/e9d1b91e24e7716303b883696c369b10\"},\"breadcrumb\":{\"@id\":\"https:\/\/www.academianutricionydietetica.org\/pro\/transparencia\/gobierno-abierto\/gobierno-abierto-de-la-academia-apertura-del-plazo-de-exposicion-publica-del-documento-de-postura-entidad-libre-de-conflictos-de-intereses-economicos\/#breadcrumb\"},\"inLanguage\":\"es\",\"potentialAction\":[{\"@type\":\"ReadAction\",\"target\":[\"https:\/\/www.academianutricionydietetica.org\/pro\/transparencia\/gobierno-abierto\/gobierno-abierto-de-la-academia-apertura-del-plazo-de-exposicion-publica-del-documento-de-postura-entidad-libre-de-conflictos-de-intereses-economicos\/\"]}]},{\"@type\":\"BreadcrumbList\",\"@id\":\"https:\/\/www.academianutricionydietetica.org\/pro\/transparencia\/gobierno-abierto\/gobierno-abierto-de-la-academia-apertura-del-plazo-de-exposicion-publica-del-documento-de-postura-entidad-libre-de-conflictos-de-intereses-economicos\/#breadcrumb\",\"itemListElement\":[{\"@type\":\"ListItem\",\"position\":1,\"name\":\"Inicio\",\"item\":\"https:\/\/www.academianutricionydietetica.org\/pro\/\"},{\"@type\":\"ListItem\",\"position\":2,\"name\":\"Transparencia\",\"item\":\"https:\/\/www.academianutricionydietetica.org\/pro\/transparencia\/\"},{\"@type\":\"ListItem\",\"position\":3,\"name\":\"Gobierno abierto: consultas p\u00fablicas\",\"item\":\"https:\/\/www.academianutricionydietetica.org\/pro\/transparencia\/gobierno-abierto\/\"},{\"@type\":\"ListItem\",\"position\":4,\"name\":\"Gobierno Abierto de la Academia: apertura del plazo de exposici\u00f3n p\u00fablica del Documento de Postura \u00abentidad libre de conflictos de intereses econ\u00f3micos\u00bb\"}]},{\"@type\":\"WebSite\",\"@id\":\"https:\/\/www.academianutricionydietetica.org\/pro\/#website\",\"url\":\"https:\/\/www.academianutricionydietetica.org\/pro\/\",\"name\":\"Academia Espa\u00f1ola de Nutrici\u00f3n y Diet\u00e9tica\",\"description\":\"Formaci\u00f3n, noticias, jornadas y eventos\",\"potentialAction\":[{\"@type\":\"SearchAction\",\"target\":{\"@type\":\"EntryPoint\",\"urlTemplate\":\"https:\/\/www.academianutricionydietetica.org\/pro\/?s={search_term_string}\"},\"query-input\":{\"@type\":\"PropertyValueSpecification\",\"valueRequired\":true,\"valueName\":\"search_term_string\"}}],\"inLanguage\":\"es\"},{\"@type\":\"Person\",\"@id\":\"https:\/\/www.academianutricionydietetica.org\/pro\/#\/schema\/person\/e9d1b91e24e7716303b883696c369b10\",\"name\":\"Secretaria\",\"image\":{\"@type\":\"ImageObject\",\"inLanguage\":\"es\",\"@id\":\"https:\/\/www.academianutricionydietetica.org\/pro\/#\/schema\/person\/image\/\",\"url\":\"https:\/\/secure.gravatar.com\/avatar\/247b43c92937c97e6e1676ef357f9f5b0c592890e34a90558fff8368b22da015?s=96&d=mm&r=g\",\"contentUrl\":\"https:\/\/secure.gravatar.com\/avatar\/247b43c92937c97e6e1676ef357f9f5b0c592890e34a90558fff8368b22da015?s=96&d=mm&r=g\",\"caption\":\"Secretaria\"},\"sameAs\":[\"http:\/\/academianutricion.org\"]}]}<\/script>\n<!-- \/ Yoast SEO plugin. -->","yoast_head_json":{"title":"Gobierno Abierto de la Academia: apertura del plazo de exposici\u00f3n p\u00fablica del Documento de Postura \"entidad libre de conflictos de intereses econ\u00f3micos\" - Academia Espa\u00f1ola de Nutrici\u00f3n y Diet\u00e9tica","robots":{"index":"index","follow":"follow","max-snippet":"max-snippet:-1","max-image-preview":"max-image-preview:large","max-video-preview":"max-video-preview:-1"},"canonical":"https:\/\/www.academianutricionydietetica.org\/pro\/transparencia\/gobierno-abierto\/gobierno-abierto-de-la-academia-apertura-del-plazo-de-exposicion-publica-del-documento-de-postura-entidad-libre-de-conflictos-de-intereses-economicos\/","og_locale":"es_ES","og_type":"article","og_title":"Gobierno Abierto de la Academia: apertura del plazo de exposici\u00f3n p\u00fablica del Documento de Postura \"entidad libre de conflictos de intereses econ\u00f3micos\" - Academia Espa\u00f1ola de Nutrici\u00f3n y Diet\u00e9tica","og_description":"Con fecha 14 de marzo de 2017, la Academia Espa\u00f1ola de Nutrici\u00f3n y Diet\u00e9tica procedi\u00f3 a hacer p\u00fablico el documento \u201cDocumento de postura y declaraci\u00f3n \u201centidad libre de conflictos de","og_url":"https:\/\/www.academianutricionydietetica.org\/pro\/transparencia\/gobierno-abierto\/gobierno-abierto-de-la-academia-apertura-del-plazo-de-exposicion-publica-del-documento-de-postura-entidad-libre-de-conflictos-de-intereses-economicos\/","og_site_name":"Academia Espa\u00f1ola de Nutrici\u00f3n y Diet\u00e9tica","article_published_time":"2017-04-10T21:33:55+00:00","article_modified_time":"2024-02-29T17:56:43+00:00","author":"Secretaria","twitter_card":"summary_large_image","twitter_misc":{"Escrito por":"Secretaria","Tiempo de lectura":"5 minutos"},"schema":{"@context":"https:\/\/schema.org","@graph":[{"@type":"Article","@id":"https:\/\/www.academianutricionydietetica.org\/pro\/transparencia\/gobierno-abierto\/gobierno-abierto-de-la-academia-apertura-del-plazo-de-exposicion-publica-del-documento-de-postura-entidad-libre-de-conflictos-de-intereses-economicos\/#article","isPartOf":{"@id":"https:\/\/www.academianutricionydietetica.org\/pro\/transparencia\/gobierno-abierto\/gobierno-abierto-de-la-academia-apertura-del-plazo-de-exposicion-publica-del-documento-de-postura-entidad-libre-de-conflictos-de-intereses-economicos\/"},"author":{"name":"Secretaria","@id":"https:\/\/www.academianutricionydietetica.org\/pro\/#\/schema\/person\/e9d1b91e24e7716303b883696c369b10"},"headline":"Gobierno Abierto de la Academia: apertura del plazo de exposici\u00f3n p\u00fablica del Documento de Postura \u00abentidad libre de conflictos de intereses econ\u00f3micos\u00bb","datePublished":"2017-04-10T21:33:55+00:00","dateModified":"2024-02-29T17:56:43+00:00","mainEntityOfPage":{"@id":"https:\/\/www.academianutricionydietetica.org\/pro\/transparencia\/gobierno-abierto\/gobierno-abierto-de-la-academia-apertura-del-plazo-de-exposicion-publica-del-documento-de-postura-entidad-libre-de-conflictos-de-intereses-economicos\/"},"wordCount":1094,"articleSection":["Gobierno abierto: consultas p\u00fablicas","Transparencia"],"inLanguage":"es"},{"@type":"WebPage","@id":"https:\/\/www.academianutricionydietetica.org\/pro\/transparencia\/gobierno-abierto\/gobierno-abierto-de-la-academia-apertura-del-plazo-de-exposicion-publica-del-documento-de-postura-entidad-libre-de-conflictos-de-intereses-economicos\/","url":"https:\/\/www.academianutricionydietetica.org\/pro\/transparencia\/gobierno-abierto\/gobierno-abierto-de-la-academia-apertura-del-plazo-de-exposicion-publica-del-documento-de-postura-entidad-libre-de-conflictos-de-intereses-economicos\/","name":"Gobierno Abierto de la Academia: apertura del plazo de exposici\u00f3n p\u00fablica del Documento de Postura \"entidad libre de conflictos de intereses econ\u00f3micos\" - Academia Espa\u00f1ola de Nutrici\u00f3n y Diet\u00e9tica","isPartOf":{"@id":"https:\/\/www.academianutricionydietetica.org\/pro\/#website"},"datePublished":"2017-04-10T21:33:55+00:00","dateModified":"2024-02-29T17:56:43+00:00","author":{"@id":"https:\/\/www.academianutricionydietetica.org\/pro\/#\/schema\/person\/e9d1b91e24e7716303b883696c369b10"},"breadcrumb":{"@id":"https:\/\/www.academianutricionydietetica.org\/pro\/transparencia\/gobierno-abierto\/gobierno-abierto-de-la-academia-apertura-del-plazo-de-exposicion-publica-del-documento-de-postura-entidad-libre-de-conflictos-de-intereses-economicos\/#breadcrumb"},"inLanguage":"es","potentialAction":[{"@type":"ReadAction","target":["https:\/\/www.academianutricionydietetica.org\/pro\/transparencia\/gobierno-abierto\/gobierno-abierto-de-la-academia-apertura-del-plazo-de-exposicion-publica-del-documento-de-postura-entidad-libre-de-conflictos-de-intereses-economicos\/"]}]},{"@type":"BreadcrumbList","@id":"https:\/\/www.academianutricionydietetica.org\/pro\/transparencia\/gobierno-abierto\/gobierno-abierto-de-la-academia-apertura-del-plazo-de-exposicion-publica-del-documento-de-postura-entidad-libre-de-conflictos-de-intereses-economicos\/#breadcrumb","itemListElement":[{"@type":"ListItem","position":1,"name":"Inicio","item":"https:\/\/www.academianutricionydietetica.org\/pro\/"},{"@type":"ListItem","position":2,"name":"Transparencia","item":"https:\/\/www.academianutricionydietetica.org\/pro\/transparencia\/"},{"@type":"ListItem","position":3,"name":"Gobierno abierto: consultas p\u00fablicas","item":"https:\/\/www.academianutricionydietetica.org\/pro\/transparencia\/gobierno-abierto\/"},{"@type":"ListItem","position":4,"name":"Gobierno Abierto de la Academia: apertura del plazo de exposici\u00f3n p\u00fablica del Documento de Postura \u00abentidad libre de conflictos de intereses econ\u00f3micos\u00bb"}]},{"@type":"WebSite","@id":"https:\/\/www.academianutricionydietetica.org\/pro\/#website","url":"https:\/\/www.academianutricionydietetica.org\/pro\/","name":"Academia Espa\u00f1ola de Nutrici\u00f3n y Diet\u00e9tica","description":"Formaci\u00f3n, noticias, jornadas y eventos","potentialAction":[{"@type":"SearchAction","target":{"@type":"EntryPoint","urlTemplate":"https:\/\/www.academianutricionydietetica.org\/pro\/?s={search_term_string}"},"query-input":{"@type":"PropertyValueSpecification","valueRequired":true,"valueName":"search_term_string"}}],"inLanguage":"es"},{"@type":"Person","@id":"https:\/\/www.academianutricionydietetica.org\/pro\/#\/schema\/person\/e9d1b91e24e7716303b883696c369b10","name":"Secretaria","image":{"@type":"ImageObject","inLanguage":"es","@id":"https:\/\/www.academianutricionydietetica.org\/pro\/#\/schema\/person\/image\/","url":"https:\/\/secure.gravatar.com\/avatar\/247b43c92937c97e6e1676ef357f9f5b0c592890e34a90558fff8368b22da015?s=96&d=mm&r=g","contentUrl":"https:\/\/secure.gravatar.com\/avatar\/247b43c92937c97e6e1676ef357f9f5b0c592890e34a90558fff8368b22da015?s=96&d=mm&r=g","caption":"Secretaria"},"sameAs":["http:\/\/academianutricion.org"]}]}},"_links":{"self":[{"href":"https:\/\/www.academianutricionydietetica.org\/pro\/wp-json\/wp\/v2\/posts\/19819","targetHints":{"allow":["GET"]}}],"collection":[{"href":"https:\/\/www.academianutricionydietetica.org\/pro\/wp-json\/wp\/v2\/posts"}],"about":[{"href":"https:\/\/www.academianutricionydietetica.org\/pro\/wp-json\/wp\/v2\/types\/post"}],"author":[{"embeddable":true,"href":"https:\/\/www.academianutricionydietetica.org\/pro\/wp-json\/wp\/v2\/users\/4"}],"replies":[{"embeddable":true,"href":"https:\/\/www.academianutricionydietetica.org\/pro\/wp-json\/wp\/v2\/comments?post=19819"}],"version-history":[{"count":3,"href":"https:\/\/www.academianutricionydietetica.org\/pro\/wp-json\/wp\/v2\/posts\/19819\/revisions"}],"predecessor-version":[{"id":22251,"href":"https:\/\/www.academianutricionydietetica.org\/pro\/wp-json\/wp\/v2\/posts\/19819\/revisions\/22251"}],"wp:attachment":[{"href":"https:\/\/www.academianutricionydietetica.org\/pro\/wp-json\/wp\/v2\/media?parent=19819"}],"wp:term":[{"taxonomy":"category","embeddable":true,"href":"https:\/\/www.academianutricionydietetica.org\/pro\/wp-json\/wp\/v2\/categories?post=19819"},{"taxonomy":"post_tag","embeddable":true,"href":"https:\/\/www.academianutricionydietetica.org\/pro\/wp-json\/wp\/v2\/tags?post=19819"}],"curies":[{"name":"wp","href":"https:\/\/api.w.org\/{rel}","templated":true}]}}