{"id":19823,"date":"2020-04-08T09:08:56","date_gmt":"2020-04-08T09:08:56","guid":{"rendered":"https:\/\/www.academianutricionydietetica.org\/pro\/?p=19823"},"modified":"2023-03-14T18:09:42","modified_gmt":"2023-03-14T18:09:42","slug":"gobierno-abierto-de-la-academia-apertura-del-plazo-de-exposicion-publica-de-las-modificaciones-del-protocolo-para-la-total-transparencia-la-integridad-y-la-equidad-de-la-academia","status":"publish","type":"post","link":"https:\/\/www.academianutricionydietetica.org\/pro\/transparencia\/gobierno-abierto\/gobierno-abierto-de-la-academia-apertura-del-plazo-de-exposicion-publica-de-las-modificaciones-del-protocolo-para-la-total-transparencia-la-integridad-y-la-equidad-de-la-academia\/","title":{"rendered":"Gobierno Abierto de la academia: apertura del plazo de exposici\u00f3n p\u00fablica de las modificaciones del Protocolo para la total transparencia, la integridad y la equidad de la Academia"},"content":{"rendered":"<p style=\"margin-left: 1cm; text-align: justify;\"><strong>Antecedentes.<\/strong><\/p>\n<p style=\"margin-left: 1cm; text-align: justify;\">Con fecha 13 de marzo de 2017, la Academia Espa\u00f1ola de Nutrici\u00f3n y Diet\u00e9tica (la Academia) hace p\u00fablico su <a href=\"https:\/\/www.academianutricionydietetica.org\/pro\/noticias\/la-academia-espanola-de-nutricion-y-dietetica-acuerda-no-renovar-los-convenios-de-colaboracion-con-la-industria-alimentaria-y-farmaceutica\/\">documento de postura de declaraci\u00f3n de entidad libre de conflictos de intereses econ\u00f3micos<\/a>.<\/p>\n<p style=\"margin-left: 1cm; text-align: justify;\">Con fecha 10 de abril de 2017,&nbsp; la Academia <a href=\"https:\/\/www.academianutricionydietetica.org\/pro\/noticias\/gobierno-abierto-de-la-academia-apertura-del-plazo-de-exposicion-publica-del-documento-de-postura-entidad-libre-de-conflictos-de-intereses-economicos\/\">somete a Gobierno Abierto dicho documento<\/a>, abriendo un plazo de consulta p\u00fablica para que puedan participar todas las y los dietistas-nutricionistas, profesionales de la nutrici\u00f3n y de la salud, ciudadanas y ciudadanos del estado espa\u00f1ol, la administraci\u00f3n p\u00fablica, as\u00ed como entidades jur\u00eddicas p\u00fablicas y privadas del \u00e1mbito de la Nutrici\u00f3n Humana y Diet\u00e9tica y de la Salud como sociedades cient\u00edficas, universidades, organizaciones de consumidores, empresas del sector de la industria alimentaria y\/o farmac\u00e9utica.<\/p>\n<p style=\"margin-left: 1cm; text-align: justify;\">Con fecha 8 de abril de 2020, la Academia Espa\u00f1ola de Nutrici\u00f3n y Diet\u00e9tica somete a Gobierno Abierto las modificaciones realizadas en el \u201c<a href=\"https:\/\/www.academianutricionydietetica.org\/archivos\/AENDPosturayDeclaracion.pdf\">Protocolo por la total transparencia, la integridad y la equidad en las pol\u00edticas de salud, la investigaci\u00f3n y el posicionamiento cient\u00edfico de la Academia Espa\u00f1ola de Nutrici\u00f3n y Diet\u00e9tica<\/a>\u201d.<\/p>\n<p style=\"margin-left: 1cm; text-align: justify;\">Dichas modificaciones responden a la experiencia de funcionamiento de la Academia durante los 3 primeros a\u00f1os de vida con las 15 normas para la total transparencia que recoge el citado documento, as\u00ed como el \u201c<a href=\"https:\/\/www.academianutricionydietetica.org\/archivos\/AENDcongresos.pdf\">Documento director para la organizaci\u00f3n de congresos de la Academia: disposiciones para minimizar el riesgo de sesgo<\/a>\u201d.<\/p>\n<p style=\"margin-left: 1cm; text-align: justify;\"><strong>Modificaciones.<\/strong><\/p>\n<p style=\"margin-left: 1cm; text-align: justify;\">Las modificaciones afectan la forma de financiaci\u00f3n de la Academia, en particular a la investigaci\u00f3n procedente de fondos privados, y a la gesti\u00f3n de los beneficios del congreso.<\/p>\n<p style=\"margin-left: 1cm; text-align: justify;\">El patronato de la Academia aprob\u00f3 enmiendas al documento que fueron discutidas en el \u00c1rea de Gesti\u00f3n del Conocimiento Cient\u00edfico, que son:<\/p>\n<ul style=\"margin-left: 40px;\">\n<li style=\"text-align: justify;\">Permitir la financiaci\u00f3n de empresas que produzcan, comercialicen o distribuyan: frutas y verduras frescas, cereales y derivados (preferentemente integrales y a excepci\u00f3n de los cereales de desayuno, cereales grasos y azucarados), tub\u00e9rculos, legumbres, huevos, pescados, aceites vegetales y de semillas, frutos secos (crudos\/tostados).<\/li>\n<li style=\"text-align: justify;\">Promover la investigaci\u00f3n en la Academia procedente de fondos privados, incluso de la industria alimentaria y farmac\u00e9utica, siempre que se cumplan los siguientes supuestos:<\/li>\n<\/ul>\n<ol style=\"margin-left: 40px;\">\n<li style=\"text-align: justify;\">Se notifique a la Academia que el estudio se va a realizar;<\/li>\n<li style=\"text-align: justify;\">Se registre el protocolo del estudio previamente a su ejecuci\u00f3n en un sistema de registro de estudios p\u00fablico (europeo, o mundial) y se publique en la Revista Espa\u00f1ola de Nutrici\u00f3n Humana y Diet\u00e9tica para su revisi\u00f3n;<\/li>\n<li style=\"text-align: justify;\">Se firme un compromiso de informar y publicar los resultados sean o no favorables a la industria que la financia.<\/li>\n<\/ol>\n<ul style=\"margin-left: 40px;\">\n<li style=\"text-align: justify;\">Los recursos econ\u00f3micos obtenidos se destinar\u00e1n a la elaboraci\u00f3n de investigaciones propias de la Academia y elaboraci\u00f3n de documentos de revisi\u00f3n cient\u00edfica o de posicionamiento en un \u00abFondo para la investigaci\u00f3n, revisiones cient\u00edficas y documentos de posicionamiento de la Academia\u00bb, no teniendo la industria capacidad para influenciar en el tema o decidir el equipo de profesionales que realizar\u00e1 las investigaciones, revisiones cient\u00edficas o documentos de posicionamiento. Tambi\u00e9n, se podr\u00e1 crear una bolsa de ayuda para que los dietistas-nutricionistas con recursos limitados pueda asistir a congresos, jornadas cient\u00edficas y cursos de formaci\u00f3n promovidos por la Academia, el Consejo General y los Colegios y Asociaciones Profesionales. Esta bolsa recibir\u00e1 el nombre de \u201cBecas S\u00f3lo Nutrici\u00f3n y Diet\u00e9tica\u201d.<\/li>\n<li style=\"text-align: justify;\">En cuanto al congreso, se atender\u00e1 a lo establecido en la norma catorce del documento y los beneficios procedentes de las colaboraciones de la industria alimentaria y farmac\u00e9utica se destinar\u00e1n a:<\/li>\n<\/ul>\n<ol style=\"margin-left: 40px;\">\n<li style=\"text-align: justify;\">Un fondo llamado \u201cT\u00fa eliges, t\u00fa decides\u201d que premiar\u00e1 iniciativas sociales, culturales, educativas, investigadoras y de cooperaci\u00f3n\/ayuda humanitaria. Los asistentes al congreso elegir\u00e1n por votaci\u00f3n la candidatura vencedora y que se beneficiar\u00e1 del fondo econ\u00f3mico, debiendo garantizar la Academia una dotaci\u00f3n de al menos mil euros.<\/li>\n<li style=\"text-align: justify;\">Un fondo para el D\u00eda Mundial del Dietista-Nutricionista o campa\u00f1as similares de sensibilizaci\u00f3n social acerca de la importancia de la profesi\u00f3n del dietista-nutricionista impulsadas por el Consejo General de Colegios Oficiales de Dietistas-Nutricionistas o Colegios y Asociaciones Profesionales de Dietistas-Nutricionistas.<\/li>\n<li style=\"text-align: justify;\">Un fondo para la creaci\u00f3n de una bolsa de viajes que servir\u00e1 para cubrir gastos de viaje y alojamiento de miembros del equipo directivo a reuniones de trabajo, reuniones de AIBAN, ICDA y la EFAD. As\u00ed mismo, esta bolsa servir\u00e1 para que los miembros del Comit\u00e9 Cient\u00edfico y de los Grupos de Especializaci\u00f3n puedan asistir a actividades de formaci\u00f3n y a congresos nacionales e internacionales a presentar sus documentos de posicionamiento o a especializarse en una tem\u00e1tica necesaria para el buen desarrollo y avance de la Academia<\/li>\n<li style=\"text-align: justify;\">Un fondo econ\u00f3mico de riesgo para hacer frente a posibles p\u00e9rdidas econ\u00f3micas en la organizaci\u00f3n de futuros congresos. Si el resultado econ\u00f3mico fuera negativo, las p\u00e9rdidas ser\u00e1n asumidas por el fondo econ\u00f3mico de riesgo o, en su defecto, deber\u00e1n ser asumidas por la Academia Espa\u00f1ola de Nutrici\u00f3n y Diet\u00e9tica.<\/li>\n<li style=\"text-align: justify;\">La Academia podr\u00e1 beneficiarse de un m\u00e1ximo del 20 % de para sufragar los gastos de gesti\u00f3n administrativa y dedicaci\u00f3n de los recursos humanos de la Academia a la organizaci\u00f3n del congreso.<\/li>\n<\/ol>\n<ul style=\"margin-left: 40px;\">\n<li style=\"text-align: justify;\">Se incluye en el apartado de pol\u00edticas de Gobierno Abierto de la Academia un nuevo texto por el que \u201cEn situaciones excepcionales que as\u00ed lo requieran, la Academia podr\u00e1 publicar con car\u00e1cter urgente revisiones cient\u00edficas y documentos de posicionamiento sin necesidad de abrir el gobierno abierto. Dichas situaciones excepcionales deber\u00e1n ser contextualizadas y acreditadas\u201d.<\/li>\n<\/ul>\n<p style=\"margin-left: 1cm; text-align: justify;\">Por todo ello, la Academia informa que con fecha 8 de abril de 2020 se abre periodo de consulta p\u00fablica para proponer enmiendas de modificaci\u00f3n, eliminaci\u00f3n e incorporaci\u00f3n a las modificaciones aprobadas por el patronato de la Academia. Durante esta exposici\u00f3n p\u00fablica, podr\u00e1n participar todas las y los dietistas-nutricionistas y otros profesionales de la salud, ciudadanas y ciudadanos del estado espa\u00f1ol, as\u00ed como la administraci\u00f3n p\u00fablica, las entidades jur\u00eddicas p\u00fablicas y privadas del \u00e1mbito de la Nutrici\u00f3n Humana y Diet\u00e9tica y de la Salud como sociedades cient\u00edficas, universidades, organizaciones de consumidores, empresas del sector de la industria alimentaria y\/o farmac\u00e9utica, etc.<\/p>\n<p style=\"margin-left: 1cm; text-align: justify;\">La fecha l\u00edmite para hacer llegar las enmiendas es el <strong>22 de abril de 2020<\/strong> <strong>a las 23,55 horas<\/strong>. Para participar del Gobierno Abierto de la Academia es necesario:<\/p>\n<ul style=\"margin-left: 40px;\">\n<li style=\"text-align: justify;\">Cumplimentar la \u201c<a href=\"https:\/\/forms.gle\/q7R1gfAzjyJF64fCA\">Ficha de participaci\u00f3n Gobierno Abierto de la Academia<\/a>\u201d.<\/li>\n<li style=\"text-align: justify;\">Remitir las enmiendas por correo electr\u00f3nico a la direcci\u00f3n <a href=\"mailto:gobiernoabierto@academianutricion.org\">gobiernoabierto@academianutricion.org<\/a> utilizando la plantilla que se puede descargar haciendo <a href=\"https:\/\/www.academianutricionydietetica.org\/ARCHIVOS\/NOTICIAS\/enmiendasgobiernoabierto.docx\"><strong>clic AQU\u00cd<\/strong><\/a>.<\/li>\n<li style=\"text-align: justify;\">Remitir junto las enmiendas fotocopia del DNI escaneado de la persona que ha cumplimentado la ficha de participaci\u00f3n Gobierno Abierto de la Academia.<\/li>\n<\/ul>\n<p style=\"margin-left: 1cm; text-align: justify;\">\n<p style=\"margin-left: 1cm; text-align: justify;\"><strong>Datos t\u00e9cnicos de la consulta p\u00fablica.<\/strong><\/p>\n<p style=\"margin-left: 1cm; text-align: justify;\">DEPARTAMENTO: \u00c1rea de direcci\u00f3n y coordinaci\u00f3n de la Academia Espa\u00f1ola de Nutrici\u00f3n y Diet\u00e9tica.<\/p>\n<p style=\"margin-left: 1cm; text-align: justify;\">UNIDAD RESPONSABLE: Patronato de la Academia.<\/p>\n<p style=\"margin-left: 1cm; text-align: justify;\">TIPO DE PROPUESTA: revisi\u00f3n de la modificaci\u00f3n del Documento de postura de la Academia \u201cProtocolo por la total transparencia, la integridad y la equidad en las pol\u00edticas de salud, la investigaci\u00f3n y el posicionamiento cient\u00edfico de la Academia\u201d y \u201cDocumento director para la organizaci\u00f3n de congresos de la Academia: disposiciones para minimizar el riesgo de sesgo.<\/p>\n<p style=\"margin-left: 1cm; text-align: justify;\">DOCUMENTACION: Documento de postura y declaraci\u00f3n de entidad libre de conflictos de intereses econ\u00f3micos \u201c<a href=\"https:\/\/www.academianutricionydietetica.org\/archivos\/AENDPosturayDeclaracion.pdf\">Protocolo por la total transparencia, la integridad y la equidad en las pol\u00edticas de salud, la investigaci\u00f3n y el posicionamiento cient\u00edfico de la Academia Espa\u00f1ola de Nutrici\u00f3n y Diet\u00e9tica<\/a>\u201d y \u201c<a href=\"https:\/\/www.academianutricionydietetica.org\/archivos\/AENDcongresos.pdf\">Documento director para la organizaci\u00f3n de congresos de la Academia: disposiciones para minimizar el riesgo de sesgo<\/a>\u201d.<\/p>\n<p style=\"margin-left: 1cm; text-align: justify;\">FECHA ACTUALIZACI\u00d3N: mi\u00e9rcoles, 7 de abril de 2020.<\/p>\n<p style=\"margin-left: 1cm; text-align: justify;\">PERIODOS DE PARTICIPACI\u00d3N: las modificaciones del Documento de postura de la Academia \u201c<a href=\"https:\/\/www.academianutricionydietetica.org\/archivos\/AENDPosturayDeclaracion.pdf\">Protocolo por la total transparencia, la integridad y la equidad en las pol\u00edticas de salud, la investigaci\u00f3n y el posicionamiento cient\u00edfico de la Academia<\/a>\u201d y \u201c<a href=\"https:\/\/www.academianutricionydietetica.org\/archivos\/AENDcongresos.pdf\">Documento director para la organizaci\u00f3n de congresos de la Academia: disposiciones para minimizar el riesgo de sesgo<\/a>\u201d, se somete a informaci\u00f3n p\u00fablica en su fase de <strong><u>REVISI\u00d3N<\/u><\/strong> desde el 8 al 22 de abril de 2020.<\/p>\n<p style=\"margin-left: 1cm; text-align: justify;\">\n<p style=\"margin-left: 1cm; text-align: justify;\"><strong>Ficha de participaci\u00f3n Gobierno Abierto de la Academia.<\/strong><\/p>\n<p style=\"margin-left: 1cm; text-align: justify;\">La Academia Espa\u00f1ola de Nutrici\u00f3n y Diet\u00e9tica le agradece su participaci\u00f3n y colaboraci\u00f3n en este espacio. Aqu\u00ed puede encontrar informaci\u00f3n sobre los instrumentos de participaci\u00f3n y colaboraci\u00f3n ciudadanas que est\u00e1n vigentes. Estos instrumentos son los mecanismos que utiliza la Academia para hacer efectivas la participaci\u00f3n y colaboraci\u00f3n ciudadanas en aquellos procesos en los cuales se necesita, para su propia eficacia, de una mayor implicaci\u00f3n ciudadana.<\/p>\n<p style=\"margin-left: 1cm; text-align: justify;\">Por favor, dedique un tiempo a completar su perfil personal, sin cumplimentar este apartado no puede participar en los documentos, planes y proyectos que se sometan a consulta p\u00fablica por parte de la Academia.<\/p>\n<p style=\"margin-left: 1cm; text-align: justify;\">Para cumplimentar la ficha de participaci\u00f3n hacer <a href=\"https:\/\/forms.gle\/q7R1gfAzjyJF64fCA\">clic AQU\u00cd<\/a>.<\/p>\n<p style=\"margin-left: 1cm; text-align: justify;\"><strong>Normas de participaci\u00f3n.<\/strong><\/p>\n<p style=\"margin-left: 1cm; text-align: justify;\">Todo debate, incluso el realizado en espacios web, requiere de unas reglas, unos m\u00ednimos que permitan que las discusiones se mantengan dentro de los m\u00e1rgenes de la educaci\u00f3n y el sentido com\u00fan. Para ello se han establecido unas normas b\u00e1sicas en las que el equipo de moderaci\u00f3n de Gobierno Abierto se apoyar\u00e1 para decidir si una aportaci\u00f3n, comentario o contenido enviado se publica en la web.<\/p>\n<p style=\"margin-left: 1cm; text-align: justify;\">Dichas normas son:<\/p>\n<ul style=\"margin-left: 40px;\">\n<li style=\"text-align: justify;\">No se permite el env\u00edo de mensajes de contenido sexista, racista o xen\u00f3fobos, o que impliquen cualquier otro tipo de discriminaci\u00f3n.<\/li>\n<li style=\"text-align: justify;\">No se permitir\u00e1n los contenidos que promuevan actividades ilegales o que inciten a la violencia.<\/li>\n<li style=\"text-align: justify;\">Tampoco se permitir\u00e1n mensajes difamatorios, ofensivos, que afecten a la vida privada de otras personas, que supongan amenazas, o cuyos contenidos impliquen la violaci\u00f3n de la legislaci\u00f3n vigente. Esto incluye los mensajes con contenidos protegidos por derechos de autor, a no ser que la persona que env\u00eda el mensaje sea la propietaria de dichos derechos o cuente con autorizaci\u00f3n para el uso de dichos contenidos.<\/li>\n<li style=\"text-align: justify;\">Tampoco se permitir\u00e1n los mensajes que contengan acusaciones directas de faltas o delitos contra personas, empresas u otras entidades.<\/li>\n<li style=\"text-align: justify;\">Los contenidos que se env\u00eden desde robots inform\u00e1ticos con la intenci\u00f3n de generar ruido ser\u00e1n considerados spam y se eliminar\u00e1n.<\/li>\n<li style=\"text-align: justify;\">Si se demuestra que una persona ha suplantado la identidad de otra, ser\u00e1 motivo suficiente para no permitir la publicaci\u00f3n de contenido enviado por dicha persona.<\/li>\n<li style=\"text-align: justify;\">Estos contenidos son de uso particular. No se permite el uso de los mismos por parte de empresas para promocionar sus productos o servicios, ni siquiera en las secciones que pudieran reservarse a la publicaci\u00f3n de anuncios. De la misma manera, no se permite el env\u00edo de cartas cadena, marketing piramidal o similares.<\/li>\n<li style=\"text-align: justify;\">Se realizar\u00e1 un ejercicio de moderaci\u00f3n basado en el respeto. Las aportaciones y comentarios se ver\u00e1n reflejados en el portal de Gobierno Abierto siempre que observen las normas de participaci\u00f3n.<\/li>\n<\/ul>\n<p style=\"margin-left: 1cm; text-align: justify;\">La Academia no se responsabiliza ni comparte necesariamente las ideas o manifestaciones depositadas en las aportaciones.<\/p>\n<p style=\"margin-left: 1cm; text-align: justify;\">La discrepancia y la disparidad de puntos de vista ser\u00e1n siempre bienvenidos mientras no ataquen, amenacen o insulten a una persona, empresa, instituci\u00f3n o colectivo, revelen informaci\u00f3n privada de los mismos, incluyan publicidad comercial o autopromoci\u00f3n y contengan obscenidades u otros contenidos de mal gusto.<\/p>\n<p style=\"margin-left: 1cm; text-align: justify;\">As\u00ed mismo no existe ning\u00fan control sobre los contenidos enlazados en portales o servidores ajenos a la organizaci\u00f3n.<\/p>\n<p style=\"margin-left: 1cm; text-align: justify;\">La participaci\u00f3n en el Gobierno Abierto de la Academia supone la aceptaci\u00f3n de las Condiciones.<\/p>\n<p style=\"margin-left: 1cm; text-align: justify;\">\n<p style=\"margin-left: 1cm; text-align: justify;\">En Pamplona, a 8 de abril de 2020.<\/p>\n<p style=\"margin-left: 1cm; text-align: justify;\">\n","protected":false},"excerpt":{"rendered":"<p>Antecedentes. Con fecha 13 de marzo de 2017, la Academia Espa\u00f1ola de Nutrici\u00f3n y Diet\u00e9tica (la Academia) hace p\u00fablico su documento de postura de declaraci\u00f3n de entidad libre de conflictos<\/p>\n","protected":false},"author":4,"featured_media":0,"comment_status":"closed","ping_status":"closed","sticky":false,"template":"","format":"standard","meta":{"_acf_changed":false,"_monsterinsights_skip_tracking":false,"_monsterinsights_sitenote_active":false,"_monsterinsights_sitenote_note":"","_monsterinsights_sitenote_category":0,"footnotes":""},"categories":[124,123],"tags":[],"class_list":["post-19823","post","type-post","status-publish","format-standard","hentry","category-gobierno-abierto","category-transparencia"],"acf":[],"yoast_head":"<!-- This site is optimized with the Yoast SEO plugin v26.7 - https:\/\/yoast.com\/wordpress\/plugins\/seo\/ -->\n<title>Gobierno Abierto de la academia: apertura del plazo de exposici\u00f3n p\u00fablica de las modificaciones del Protocolo para la total transparencia, la integridad y la equidad de la Academia - Academia Espa\u00f1ola de Nutrici\u00f3n y Diet\u00e9tica<\/title>\n<meta name=\"robots\" content=\"index, follow, max-snippet:-1, max-image-preview:large, max-video-preview:-1\" \/>\n<link rel=\"canonical\" href=\"https:\/\/www.academianutricionydietetica.org\/pro\/transparencia\/gobierno-abierto\/gobierno-abierto-de-la-academia-apertura-del-plazo-de-exposicion-publica-de-las-modificaciones-del-protocolo-para-la-total-transparencia-la-integridad-y-la-equidad-de-la-academia\/\" \/>\n<meta property=\"og:locale\" content=\"es_ES\" \/>\n<meta property=\"og:type\" content=\"article\" \/>\n<meta property=\"og:title\" content=\"Gobierno Abierto de la academia: apertura del plazo de exposici\u00f3n p\u00fablica de las modificaciones del Protocolo para la total transparencia, la integridad y la equidad de la Academia - Academia Espa\u00f1ola de Nutrici\u00f3n y Diet\u00e9tica\" \/>\n<meta property=\"og:description\" content=\"Antecedentes. Con fecha 13 de marzo de 2017, la Academia Espa\u00f1ola de Nutrici\u00f3n y Diet\u00e9tica (la Academia) hace p\u00fablico su documento de postura de declaraci\u00f3n de entidad libre de conflictos\" \/>\n<meta property=\"og:url\" content=\"https:\/\/www.academianutricionydietetica.org\/pro\/transparencia\/gobierno-abierto\/gobierno-abierto-de-la-academia-apertura-del-plazo-de-exposicion-publica-de-las-modificaciones-del-protocolo-para-la-total-transparencia-la-integridad-y-la-equidad-de-la-academia\/\" \/>\n<meta property=\"og:site_name\" content=\"Academia Espa\u00f1ola de Nutrici\u00f3n y Diet\u00e9tica\" \/>\n<meta property=\"article:published_time\" content=\"2020-04-08T09:08:56+00:00\" \/>\n<meta property=\"article:modified_time\" content=\"2023-03-14T18:09:42+00:00\" \/>\n<meta name=\"author\" content=\"Secretaria\" \/>\n<meta name=\"twitter:card\" content=\"summary_large_image\" \/>\n<meta name=\"twitter:label1\" content=\"Escrito por\" \/>\n\t<meta name=\"twitter:data1\" content=\"Secretaria\" \/>\n\t<meta name=\"twitter:label2\" content=\"Tiempo de lectura\" \/>\n\t<meta name=\"twitter:data2\" content=\"9 minutos\" \/>\n<script type=\"application\/ld+json\" class=\"yoast-schema-graph\">{\"@context\":\"https:\/\/schema.org\",\"@graph\":[{\"@type\":\"Article\",\"@id\":\"https:\/\/www.academianutricionydietetica.org\/pro\/transparencia\/gobierno-abierto\/gobierno-abierto-de-la-academia-apertura-del-plazo-de-exposicion-publica-de-las-modificaciones-del-protocolo-para-la-total-transparencia-la-integridad-y-la-equidad-de-la-academia\/#article\",\"isPartOf\":{\"@id\":\"https:\/\/www.academianutricionydietetica.org\/pro\/transparencia\/gobierno-abierto\/gobierno-abierto-de-la-academia-apertura-del-plazo-de-exposicion-publica-de-las-modificaciones-del-protocolo-para-la-total-transparencia-la-integridad-y-la-equidad-de-la-academia\/\"},\"author\":{\"name\":\"Secretaria\",\"@id\":\"https:\/\/www.academianutricionydietetica.org\/pro\/#\/schema\/person\/e9d1b91e24e7716303b883696c369b10\"},\"headline\":\"Gobierno Abierto de la academia: apertura del plazo de exposici\u00f3n p\u00fablica de las modificaciones del Protocolo para la total transparencia, la integridad y la equidad de la Academia\",\"datePublished\":\"2020-04-08T09:08:56+00:00\",\"dateModified\":\"2023-03-14T18:09:42+00:00\",\"mainEntityOfPage\":{\"@id\":\"https:\/\/www.academianutricionydietetica.org\/pro\/transparencia\/gobierno-abierto\/gobierno-abierto-de-la-academia-apertura-del-plazo-de-exposicion-publica-de-las-modificaciones-del-protocolo-para-la-total-transparencia-la-integridad-y-la-equidad-de-la-academia\/\"},\"wordCount\":2019,\"articleSection\":[\"Gobierno abierto: consultas p\u00fablicas\",\"Transparencia\"],\"inLanguage\":\"es\"},{\"@type\":\"WebPage\",\"@id\":\"https:\/\/www.academianutricionydietetica.org\/pro\/transparencia\/gobierno-abierto\/gobierno-abierto-de-la-academia-apertura-del-plazo-de-exposicion-publica-de-las-modificaciones-del-protocolo-para-la-total-transparencia-la-integridad-y-la-equidad-de-la-academia\/\",\"url\":\"https:\/\/www.academianutricionydietetica.org\/pro\/transparencia\/gobierno-abierto\/gobierno-abierto-de-la-academia-apertura-del-plazo-de-exposicion-publica-de-las-modificaciones-del-protocolo-para-la-total-transparencia-la-integridad-y-la-equidad-de-la-academia\/\",\"name\":\"Gobierno Abierto de la academia: apertura del plazo de exposici\u00f3n p\u00fablica de las modificaciones del Protocolo para la total transparencia, la integridad y la equidad de la Academia - Academia Espa\u00f1ola de Nutrici\u00f3n y Diet\u00e9tica\",\"isPartOf\":{\"@id\":\"https:\/\/www.academianutricionydietetica.org\/pro\/#website\"},\"datePublished\":\"2020-04-08T09:08:56+00:00\",\"dateModified\":\"2023-03-14T18:09:42+00:00\",\"author\":{\"@id\":\"https:\/\/www.academianutricionydietetica.org\/pro\/#\/schema\/person\/e9d1b91e24e7716303b883696c369b10\"},\"breadcrumb\":{\"@id\":\"https:\/\/www.academianutricionydietetica.org\/pro\/transparencia\/gobierno-abierto\/gobierno-abierto-de-la-academia-apertura-del-plazo-de-exposicion-publica-de-las-modificaciones-del-protocolo-para-la-total-transparencia-la-integridad-y-la-equidad-de-la-academia\/#breadcrumb\"},\"inLanguage\":\"es\",\"potentialAction\":[{\"@type\":\"ReadAction\",\"target\":[\"https:\/\/www.academianutricionydietetica.org\/pro\/transparencia\/gobierno-abierto\/gobierno-abierto-de-la-academia-apertura-del-plazo-de-exposicion-publica-de-las-modificaciones-del-protocolo-para-la-total-transparencia-la-integridad-y-la-equidad-de-la-academia\/\"]}]},{\"@type\":\"BreadcrumbList\",\"@id\":\"https:\/\/www.academianutricionydietetica.org\/pro\/transparencia\/gobierno-abierto\/gobierno-abierto-de-la-academia-apertura-del-plazo-de-exposicion-publica-de-las-modificaciones-del-protocolo-para-la-total-transparencia-la-integridad-y-la-equidad-de-la-academia\/#breadcrumb\",\"itemListElement\":[{\"@type\":\"ListItem\",\"position\":1,\"name\":\"Inicio\",\"item\":\"https:\/\/www.academianutricionydietetica.org\/pro\/\"},{\"@type\":\"ListItem\",\"position\":2,\"name\":\"Transparencia\",\"item\":\"https:\/\/www.academianutricionydietetica.org\/pro\/transparencia\/\"},{\"@type\":\"ListItem\",\"position\":3,\"name\":\"Gobierno abierto: consultas p\u00fablicas\",\"item\":\"https:\/\/www.academianutricionydietetica.org\/pro\/transparencia\/gobierno-abierto\/\"},{\"@type\":\"ListItem\",\"position\":4,\"name\":\"Gobierno Abierto de la academia: apertura del plazo de exposici\u00f3n p\u00fablica de las modificaciones del Protocolo para la total transparencia, la integridad y la equidad de la Academia\"}]},{\"@type\":\"WebSite\",\"@id\":\"https:\/\/www.academianutricionydietetica.org\/pro\/#website\",\"url\":\"https:\/\/www.academianutricionydietetica.org\/pro\/\",\"name\":\"Academia Espa\u00f1ola de Nutrici\u00f3n y Diet\u00e9tica\",\"description\":\"Formaci\u00f3n, noticias, jornadas y eventos\",\"potentialAction\":[{\"@type\":\"SearchAction\",\"target\":{\"@type\":\"EntryPoint\",\"urlTemplate\":\"https:\/\/www.academianutricionydietetica.org\/pro\/?s={search_term_string}\"},\"query-input\":{\"@type\":\"PropertyValueSpecification\",\"valueRequired\":true,\"valueName\":\"search_term_string\"}}],\"inLanguage\":\"es\"},{\"@type\":\"Person\",\"@id\":\"https:\/\/www.academianutricionydietetica.org\/pro\/#\/schema\/person\/e9d1b91e24e7716303b883696c369b10\",\"name\":\"Secretaria\",\"image\":{\"@type\":\"ImageObject\",\"inLanguage\":\"es\",\"@id\":\"https:\/\/www.academianutricionydietetica.org\/pro\/#\/schema\/person\/image\/\",\"url\":\"https:\/\/secure.gravatar.com\/avatar\/247b43c92937c97e6e1676ef357f9f5b0c592890e34a90558fff8368b22da015?s=96&d=mm&r=g\",\"contentUrl\":\"https:\/\/secure.gravatar.com\/avatar\/247b43c92937c97e6e1676ef357f9f5b0c592890e34a90558fff8368b22da015?s=96&d=mm&r=g\",\"caption\":\"Secretaria\"},\"sameAs\":[\"http:\/\/academianutricion.org\"]}]}<\/script>\n<!-- \/ Yoast SEO plugin. -->","yoast_head_json":{"title":"Gobierno Abierto de la academia: apertura del plazo de exposici\u00f3n p\u00fablica de las modificaciones del Protocolo para la total transparencia, la integridad y la equidad de la Academia - Academia Espa\u00f1ola de Nutrici\u00f3n y Diet\u00e9tica","robots":{"index":"index","follow":"follow","max-snippet":"max-snippet:-1","max-image-preview":"max-image-preview:large","max-video-preview":"max-video-preview:-1"},"canonical":"https:\/\/www.academianutricionydietetica.org\/pro\/transparencia\/gobierno-abierto\/gobierno-abierto-de-la-academia-apertura-del-plazo-de-exposicion-publica-de-las-modificaciones-del-protocolo-para-la-total-transparencia-la-integridad-y-la-equidad-de-la-academia\/","og_locale":"es_ES","og_type":"article","og_title":"Gobierno Abierto de la academia: apertura del plazo de exposici\u00f3n p\u00fablica de las modificaciones del Protocolo para la total transparencia, la integridad y la equidad de la Academia - Academia Espa\u00f1ola de Nutrici\u00f3n y Diet\u00e9tica","og_description":"Antecedentes. Con fecha 13 de marzo de 2017, la Academia Espa\u00f1ola de Nutrici\u00f3n y Diet\u00e9tica (la Academia) hace p\u00fablico su documento de postura de declaraci\u00f3n de entidad libre de conflictos","og_url":"https:\/\/www.academianutricionydietetica.org\/pro\/transparencia\/gobierno-abierto\/gobierno-abierto-de-la-academia-apertura-del-plazo-de-exposicion-publica-de-las-modificaciones-del-protocolo-para-la-total-transparencia-la-integridad-y-la-equidad-de-la-academia\/","og_site_name":"Academia Espa\u00f1ola de Nutrici\u00f3n y Diet\u00e9tica","article_published_time":"2020-04-08T09:08:56+00:00","article_modified_time":"2023-03-14T18:09:42+00:00","author":"Secretaria","twitter_card":"summary_large_image","twitter_misc":{"Escrito por":"Secretaria","Tiempo de lectura":"9 minutos"},"schema":{"@context":"https:\/\/schema.org","@graph":[{"@type":"Article","@id":"https:\/\/www.academianutricionydietetica.org\/pro\/transparencia\/gobierno-abierto\/gobierno-abierto-de-la-academia-apertura-del-plazo-de-exposicion-publica-de-las-modificaciones-del-protocolo-para-la-total-transparencia-la-integridad-y-la-equidad-de-la-academia\/#article","isPartOf":{"@id":"https:\/\/www.academianutricionydietetica.org\/pro\/transparencia\/gobierno-abierto\/gobierno-abierto-de-la-academia-apertura-del-plazo-de-exposicion-publica-de-las-modificaciones-del-protocolo-para-la-total-transparencia-la-integridad-y-la-equidad-de-la-academia\/"},"author":{"name":"Secretaria","@id":"https:\/\/www.academianutricionydietetica.org\/pro\/#\/schema\/person\/e9d1b91e24e7716303b883696c369b10"},"headline":"Gobierno Abierto de la academia: apertura del plazo de exposici\u00f3n p\u00fablica de las modificaciones del Protocolo para la total transparencia, la integridad y la equidad de la Academia","datePublished":"2020-04-08T09:08:56+00:00","dateModified":"2023-03-14T18:09:42+00:00","mainEntityOfPage":{"@id":"https:\/\/www.academianutricionydietetica.org\/pro\/transparencia\/gobierno-abierto\/gobierno-abierto-de-la-academia-apertura-del-plazo-de-exposicion-publica-de-las-modificaciones-del-protocolo-para-la-total-transparencia-la-integridad-y-la-equidad-de-la-academia\/"},"wordCount":2019,"articleSection":["Gobierno abierto: consultas p\u00fablicas","Transparencia"],"inLanguage":"es"},{"@type":"WebPage","@id":"https:\/\/www.academianutricionydietetica.org\/pro\/transparencia\/gobierno-abierto\/gobierno-abierto-de-la-academia-apertura-del-plazo-de-exposicion-publica-de-las-modificaciones-del-protocolo-para-la-total-transparencia-la-integridad-y-la-equidad-de-la-academia\/","url":"https:\/\/www.academianutricionydietetica.org\/pro\/transparencia\/gobierno-abierto\/gobierno-abierto-de-la-academia-apertura-del-plazo-de-exposicion-publica-de-las-modificaciones-del-protocolo-para-la-total-transparencia-la-integridad-y-la-equidad-de-la-academia\/","name":"Gobierno Abierto de la academia: apertura del plazo de exposici\u00f3n p\u00fablica de las modificaciones del Protocolo para la total transparencia, la integridad y la equidad de la Academia - Academia Espa\u00f1ola de Nutrici\u00f3n y Diet\u00e9tica","isPartOf":{"@id":"https:\/\/www.academianutricionydietetica.org\/pro\/#website"},"datePublished":"2020-04-08T09:08:56+00:00","dateModified":"2023-03-14T18:09:42+00:00","author":{"@id":"https:\/\/www.academianutricionydietetica.org\/pro\/#\/schema\/person\/e9d1b91e24e7716303b883696c369b10"},"breadcrumb":{"@id":"https:\/\/www.academianutricionydietetica.org\/pro\/transparencia\/gobierno-abierto\/gobierno-abierto-de-la-academia-apertura-del-plazo-de-exposicion-publica-de-las-modificaciones-del-protocolo-para-la-total-transparencia-la-integridad-y-la-equidad-de-la-academia\/#breadcrumb"},"inLanguage":"es","potentialAction":[{"@type":"ReadAction","target":["https:\/\/www.academianutricionydietetica.org\/pro\/transparencia\/gobierno-abierto\/gobierno-abierto-de-la-academia-apertura-del-plazo-de-exposicion-publica-de-las-modificaciones-del-protocolo-para-la-total-transparencia-la-integridad-y-la-equidad-de-la-academia\/"]}]},{"@type":"BreadcrumbList","@id":"https:\/\/www.academianutricionydietetica.org\/pro\/transparencia\/gobierno-abierto\/gobierno-abierto-de-la-academia-apertura-del-plazo-de-exposicion-publica-de-las-modificaciones-del-protocolo-para-la-total-transparencia-la-integridad-y-la-equidad-de-la-academia\/#breadcrumb","itemListElement":[{"@type":"ListItem","position":1,"name":"Inicio","item":"https:\/\/www.academianutricionydietetica.org\/pro\/"},{"@type":"ListItem","position":2,"name":"Transparencia","item":"https:\/\/www.academianutricionydietetica.org\/pro\/transparencia\/"},{"@type":"ListItem","position":3,"name":"Gobierno abierto: consultas p\u00fablicas","item":"https:\/\/www.academianutricionydietetica.org\/pro\/transparencia\/gobierno-abierto\/"},{"@type":"ListItem","position":4,"name":"Gobierno Abierto de la academia: apertura del plazo de exposici\u00f3n p\u00fablica de las modificaciones del Protocolo para la total transparencia, la integridad y la equidad de la Academia"}]},{"@type":"WebSite","@id":"https:\/\/www.academianutricionydietetica.org\/pro\/#website","url":"https:\/\/www.academianutricionydietetica.org\/pro\/","name":"Academia Espa\u00f1ola de Nutrici\u00f3n y Diet\u00e9tica","description":"Formaci\u00f3n, noticias, jornadas y eventos","potentialAction":[{"@type":"SearchAction","target":{"@type":"EntryPoint","urlTemplate":"https:\/\/www.academianutricionydietetica.org\/pro\/?s={search_term_string}"},"query-input":{"@type":"PropertyValueSpecification","valueRequired":true,"valueName":"search_term_string"}}],"inLanguage":"es"},{"@type":"Person","@id":"https:\/\/www.academianutricionydietetica.org\/pro\/#\/schema\/person\/e9d1b91e24e7716303b883696c369b10","name":"Secretaria","image":{"@type":"ImageObject","inLanguage":"es","@id":"https:\/\/www.academianutricionydietetica.org\/pro\/#\/schema\/person\/image\/","url":"https:\/\/secure.gravatar.com\/avatar\/247b43c92937c97e6e1676ef357f9f5b0c592890e34a90558fff8368b22da015?s=96&d=mm&r=g","contentUrl":"https:\/\/secure.gravatar.com\/avatar\/247b43c92937c97e6e1676ef357f9f5b0c592890e34a90558fff8368b22da015?s=96&d=mm&r=g","caption":"Secretaria"},"sameAs":["http:\/\/academianutricion.org"]}]}},"_links":{"self":[{"href":"https:\/\/www.academianutricionydietetica.org\/pro\/wp-json\/wp\/v2\/posts\/19823","targetHints":{"allow":["GET"]}}],"collection":[{"href":"https:\/\/www.academianutricionydietetica.org\/pro\/wp-json\/wp\/v2\/posts"}],"about":[{"href":"https:\/\/www.academianutricionydietetica.org\/pro\/wp-json\/wp\/v2\/types\/post"}],"author":[{"embeddable":true,"href":"https:\/\/www.academianutricionydietetica.org\/pro\/wp-json\/wp\/v2\/users\/4"}],"replies":[{"embeddable":true,"href":"https:\/\/www.academianutricionydietetica.org\/pro\/wp-json\/wp\/v2\/comments?post=19823"}],"version-history":[{"count":3,"href":"https:\/\/www.academianutricionydietetica.org\/pro\/wp-json\/wp\/v2\/posts\/19823\/revisions"}],"predecessor-version":[{"id":20675,"href":"https:\/\/www.academianutricionydietetica.org\/pro\/wp-json\/wp\/v2\/posts\/19823\/revisions\/20675"}],"wp:attachment":[{"href":"https:\/\/www.academianutricionydietetica.org\/pro\/wp-json\/wp\/v2\/media?parent=19823"}],"wp:term":[{"taxonomy":"category","embeddable":true,"href":"https:\/\/www.academianutricionydietetica.org\/pro\/wp-json\/wp\/v2\/categories?post=19823"},{"taxonomy":"post_tag","embeddable":true,"href":"https:\/\/www.academianutricionydietetica.org\/pro\/wp-json\/wp\/v2\/tags?post=19823"}],"curies":[{"name":"wp","href":"https:\/\/api.w.org\/{rel}","templated":true}]}}