{"id":20441,"date":"2022-12-16T14:30:54","date_gmt":"2022-12-16T14:30:54","guid":{"rendered":"https:\/\/www.academianutricionydietetica.org\/pro\/?p=20441"},"modified":"2023-03-14T13:36:44","modified_gmt":"2023-03-14T13:36:44","slug":"consultapublicavicongresoand","status":"publish","type":"post","link":"https:\/\/www.academianutricionydietetica.org\/pro\/transparencia\/gobierno-abierto\/consultapublicavicongresoand\/","title":{"rendered":"Gobierno abierto de la Academia. \u00bfQu\u00e9 conferencias te gustar\u00eda escuchar en el VI Congreso AND?"},"content":{"rendered":"\n<p>El VI Congreso AND se celebrar\u00e1 en Barcelona los d\u00edas 19 y 20 de octubre de 2023 con el lema Nutrici\u00f3n con el coraz\u00f3n: Dietas Plant-Based en el ejercicio profesional.<\/p>\n\n\n\n<p>En ocasiones, el programa cient\u00edfico del congresos se aleja de las necesidades de los profesionales y no tienen un resultado directo en la pr\u00e1ctica diet\u00e9tica de las dietistas-nutricionistas y profesionales de la salud. Es por ello, que la Academia, comprometida con todos sus miembros, invita a participar en esta consulta de gobierno abierto para ayudar al Comit\u00e9 Cient\u00edfico del VI Congreso AND a dise\u00f1ar el programa cient\u00edfico del congreso. <\/p>\n\n\n\n<p>Dada la tem\u00e1tica del congreso, estamos seguros que hay temas que te gustar\u00eda que se abordaran en el congreso y cuestiones que se plantean en tu ejercicio diario en los que el congreso puede darte respuesta. M\u00e1s abajo de esta noticia, puedes ver las distintas \u00e1reas de intervenci\u00f3n sobre las que girar\u00e1 el congreso y as\u00ed podr\u00e1s hacerte una idea acerca de las conferencias que te gustar\u00eda escuchar y qu\u00e9 temas quieres que se aborden en el congreso.<\/p>\n\n\n\n<p>Participa en esta iniciativa de Gobierno Abierto de la Academia y ay\u00fadanos a preparar un programa cient\u00edfico acorde con tus necesidades y que cumpla tus expectativas.<\/p>\n\n\n\n<div class=\"wp-block-buttons is-layout-flex wp-block-buttons-is-layout-flex\">\n<div class=\"wp-block-button aligncenter\"><a class=\"wp-block-button__link has-vivid-green-cyan-background-color has-background\" href=\"https:\/\/forms.gle\/2XavmXnTwc7u3GaK7\" target=\"_blank\" rel=\"noreferrer noopener\">Clic AQU\u00cd para participar en la consulta p\u00fablica de gobierno abierto de la Academia<\/a><\/div>\n<\/div>\n\n\n\n<div class=\"wp-block-image\"><figure class=\"aligncenter size-large\"><img loading=\"lazy\" decoding=\"async\" width=\"1024\" height=\"313\" src=\"https:\/\/www.academianutricionydietetica.org\/pro\/wp-content\/uploads\/2022\/12\/Bcn2023-2-1024x313.jpg\" alt=\"\" class=\"wp-image-20465\" srcset=\"https:\/\/www.academianutricionydietetica.org\/pro\/uploads\/2022\/12\/Bcn2023-2-1024x313.jpg 1024w, https:\/\/www.academianutricionydietetica.org\/pro\/uploads\/2022\/12\/Bcn2023-2-300x92.jpg 300w, https:\/\/www.academianutricionydietetica.org\/pro\/uploads\/2022\/12\/Bcn2023-2-768x235.jpg 768w, https:\/\/www.academianutricionydietetica.org\/pro\/uploads\/2022\/12\/Bcn2023-2.jpg 1279w\" sizes=\"auto, (max-width: 1024px) 100vw, 1024px\" \/><\/figure><\/div>\n\n\n\n<p><strong>\u00c1reas de intervenci\u00f3n del VI Congreso AND<\/strong><\/p>\n\n\n\n<p><strong>\u00c1rea de nutrici\u00f3n cl\u00ednica y dietoterapia<\/strong>. En el \u00e1mbito del proceso de atenci\u00f3n nutricional, es decir, de la consulta, para el dietista-nutricionista cl\u00ednico, bien sea en consulta privada, de atenci\u00f3n primaria, u hospitalaria general o especializada, el conocimiento de las dietas con mayor predominio de vegetales es crucial para el ejercicio profesional tanto en situaciones de salud como de enfermedad, en las distintas etapas de la vida, desde la infancia a la tercera edad, incluyendo el embarazo y la lactancia, as\u00ed como la pr\u00e1ctica deportiva. La aplicaci\u00f3n de los conocimientos cient\u00edficos de la fisiolog\u00eda, fisiopatolog\u00eda, la nutrici\u00f3n a una alimentaci\u00f3n con predominio vegetal, supone un reto actual en la pr\u00e1ctica profesional cl\u00ednica.<\/p>\n\n\n\n<p><strong>\u00c1rea de nutrici\u00f3n comunitaria y salud p\u00fablica<\/strong>. El conocimiento de la relaci\u00f3n entre la dieta y la salud de las personas, incluidas las dietas plant-based, supone actualizar y mejorar las actividades de promoci\u00f3n de la salud y prevenci\u00f3n de trastornos y enfermedades relacionadas con la nutrici\u00f3n y los estilos de vida, llevando a cabo la educaci\u00f3n una alimentaria- nutricional de la poblaci\u00f3n. Para poder planificar y desarrollar acciones colectivas en materia de alimentaci\u00f3n, nutrici\u00f3n y seguridad alimentaria basadas en las necesidades de la poblaci\u00f3n y la protecci\u00f3n de la salud, el conocimiento de las dietas plant-based es fundamental para una pr\u00e1ctica profesional actual, basada en la evidencia cient\u00edfica y aunada con las l\u00edneas de acci\u00f3n actuales nacionales e internacionales.<\/p>\n\n\n\n<p><strong>\u00c1rea de restauraci\u00f3n colectiva, social y comercial<\/strong>. En la medida que va en aumento el n\u00famero de usuarios de colectividades que consume una alimentaci\u00f3n con mayor predominio de alimentos vegetales, el conocimiento de las mismas constituye una base para la gesti\u00f3n integral, organizaci\u00f3n y desarrollo de esos servicios de alimentaci\u00f3n, no solo en la elaboraci\u00f3n y\/o control de la planificaci\u00f3n de men\u00fas sino tambi\u00e9n en la calidad y seguridad alimentaria de todos los alimentos, incluidos los nuevos alimentos consecuentes a las nuevas tendencias alimentarias.<\/p>\n\n\n\n<p><strong>\u00c1rea de innovaci\u00f3n y desarrollo alimentario, tecnolog\u00eda de alimentos, bromatolog\u00eda, habilidades culinarias, gastronom\u00eda diet\u00e9tica y cultura alimentaria<\/strong>. La adherencia a los patrones diet\u00e9ticos plant-based ha aumentado en los \u00faltimos a\u00f1os de forma considerable en todo el mundo, lo que ha supuesto, un aumento en la investigaci\u00f3n, desarrollo e innovaci\u00f3n en nuevos productos y en la difusi\u00f3n de informaci\u00f3n tanto al consumidor como a los distintos profesionales relacionados con la alimentaci\u00f3n de las personas. Por otro lado, no solo se trata de la inclusi\u00f3n de alimentos vegetales y nuevos productos en la dieta de las personas, sino del enfoque global de c\u00f3mo debe ser una nueva cadena alimentaria (y sus recursos) basada en vegetales y como estos deben poder proveer todos los nutrientes necesarios.<\/p>\n\n\n\n<p><strong>\u00c1rea de docencia e investigaci\u00f3n b\u00e1sica y aplicada en nutrici\u00f3n humana y diet\u00e9tica<\/strong>. El conocimiento de las dietas con predominio de vegetales, tanto a nivel nutricional, como alimentario y sus implicaciones a nivel fisiol\u00f3gico y patol\u00f3gico , es fundamental no solo para poder formar a nuevos dietistas-nutricionistas acerca de las dietas plant-based, sino tambi\u00e9n a otros profesionales sanitarios. La investigaci\u00f3n b\u00e1sica y aplicada constituye la base de todo avance cient\u00edfico de las ciencias de la nutrici\u00f3n y la diet\u00e9tica, por lo que la inclusi\u00f3n de las dietas plan-based en las l\u00edneas de investigaci\u00f3n no solo es una tendencia actual, sino uno de los campos con m\u00e1s proyecci\u00f3n en el futuro.<\/p>\n\n\n\n<p class=\"has-medium-font-size\"><strong>Datos t\u00e9cnicos de la consulta p\u00fablica<\/strong><\/p>\n\n\n\n<p>DEPARTAMENTO: \u00c1rea de Gesti\u00f3n del Conocimiento Cient\u00edfico de la Academia.<\/p>\n\n\n\n<p>UNIDAD RESPONSABLE: Patronato de la Academia.<\/p>\n\n\n\n<p>TIPO DE PROPUESTA: recogida de ideas y propuestas para la elaboraci\u00f3n del programa cient\u00edfico del V Congreso de Alimentaci\u00f3n, Nutrici\u00f3n y Diet\u00e9tica.<\/p>\n\n\n\n<p>DOCUMENTACION: enlace a un formulario para recoger propuestas e ideas.<\/p>\n\n\n\n<p>FECHA ACTUALIZACI\u00d3N: viernes 16 de diciembre de 2022.<\/p>\n\n\n\n<p>PERIODOS DE PARTICIPACI\u00d3N:<\/p>\n\n\n\n<p>Se abre un per\u00edodo de recogida de propuestas e ideas hasta el domingo 15 de enero de 2023.<\/p>\n","protected":false},"excerpt":{"rendered":"<p>El VI Congreso AND se celebrar\u00e1 en Barcelona los d\u00edas 19 y 20 de octubre de 2023 con el lema Nutrici\u00f3n con el coraz\u00f3n: Dietas Plant-Based en el ejercicio profesional.<\/p>\n","protected":false},"author":4,"featured_media":0,"comment_status":"closed","ping_status":"closed","sticky":false,"template":"","format":"standard","meta":{"_acf_changed":false,"_monsterinsights_skip_tracking":false,"_monsterinsights_sitenote_active":false,"_monsterinsights_sitenote_note":"","_monsterinsights_sitenote_category":0,"footnotes":""},"categories":[124,123],"tags":[],"class_list":["post-20441","post","type-post","status-publish","format-standard","hentry","category-gobierno-abierto","category-transparencia"],"acf":[],"yoast_head":"<!-- This site is optimized with the Yoast SEO plugin v26.7 - https:\/\/yoast.com\/wordpress\/plugins\/seo\/ -->\n<title>Gobierno abierto de la Academia. \u00bfQu\u00e9 conferencias te gustar\u00eda escuchar en el VI Congreso AND? - Academia Espa\u00f1ola de Nutrici\u00f3n y Diet\u00e9tica<\/title>\n<meta name=\"robots\" content=\"index, follow, max-snippet:-1, max-image-preview:large, max-video-preview:-1\" \/>\n<link rel=\"canonical\" href=\"https:\/\/www.academianutricionydietetica.org\/pro\/transparencia\/gobierno-abierto\/consultapublicavicongresoand\/\" \/>\n<meta property=\"og:locale\" content=\"es_ES\" \/>\n<meta property=\"og:type\" content=\"article\" \/>\n<meta property=\"og:title\" content=\"Gobierno abierto de la Academia. \u00bfQu\u00e9 conferencias te gustar\u00eda escuchar en el VI Congreso AND? - Academia Espa\u00f1ola de Nutrici\u00f3n y Diet\u00e9tica\" \/>\n<meta property=\"og:description\" content=\"El VI Congreso AND se celebrar\u00e1 en Barcelona los d\u00edas 19 y 20 de octubre de 2023 con el lema Nutrici\u00f3n con el coraz\u00f3n: Dietas Plant-Based en el ejercicio profesional.\" \/>\n<meta property=\"og:url\" content=\"https:\/\/www.academianutricionydietetica.org\/pro\/transparencia\/gobierno-abierto\/consultapublicavicongresoand\/\" \/>\n<meta property=\"og:site_name\" content=\"Academia Espa\u00f1ola de Nutrici\u00f3n y Diet\u00e9tica\" \/>\n<meta property=\"article:published_time\" content=\"2022-12-16T14:30:54+00:00\" \/>\n<meta property=\"article:modified_time\" content=\"2023-03-14T13:36:44+00:00\" \/>\n<meta property=\"og:image\" content=\"https:\/\/www.academianutricionydietetica.org\/pro\/wp-content\/uploads\/2022\/12\/Bcn2023-2-1024x313.jpg\" \/>\n<meta name=\"author\" content=\"Secretaria\" \/>\n<meta name=\"twitter:card\" content=\"summary_large_image\" \/>\n<meta name=\"twitter:label1\" content=\"Escrito por\" \/>\n\t<meta name=\"twitter:data1\" content=\"Secretaria\" \/>\n\t<meta name=\"twitter:label2\" content=\"Tiempo de lectura\" \/>\n\t<meta name=\"twitter:data2\" content=\"5 minutos\" \/>\n<script type=\"application\/ld+json\" class=\"yoast-schema-graph\">{\"@context\":\"https:\/\/schema.org\",\"@graph\":[{\"@type\":\"Article\",\"@id\":\"https:\/\/www.academianutricionydietetica.org\/pro\/transparencia\/gobierno-abierto\/consultapublicavicongresoand\/#article\",\"isPartOf\":{\"@id\":\"https:\/\/www.academianutricionydietetica.org\/pro\/transparencia\/gobierno-abierto\/consultapublicavicongresoand\/\"},\"author\":{\"name\":\"Secretaria\",\"@id\":\"https:\/\/www.academianutricionydietetica.org\/pro\/#\/schema\/person\/e9d1b91e24e7716303b883696c369b10\"},\"headline\":\"Gobierno abierto de la Academia. \u00bfQu\u00e9 conferencias te gustar\u00eda escuchar en el VI Congreso AND?\",\"datePublished\":\"2022-12-16T14:30:54+00:00\",\"dateModified\":\"2023-03-14T13:36:44+00:00\",\"mainEntityOfPage\":{\"@id\":\"https:\/\/www.academianutricionydietetica.org\/pro\/transparencia\/gobierno-abierto\/consultapublicavicongresoand\/\"},\"wordCount\":966,\"image\":{\"@id\":\"https:\/\/www.academianutricionydietetica.org\/pro\/transparencia\/gobierno-abierto\/consultapublicavicongresoand\/#primaryimage\"},\"thumbnailUrl\":\"https:\/\/www.academianutricionydietetica.org\/pro\/wp-content\/uploads\/2022\/12\/Bcn2023-2-1024x313.jpg\",\"articleSection\":[\"Gobierno abierto: consultas p\u00fablicas\",\"Transparencia\"],\"inLanguage\":\"es\"},{\"@type\":\"WebPage\",\"@id\":\"https:\/\/www.academianutricionydietetica.org\/pro\/transparencia\/gobierno-abierto\/consultapublicavicongresoand\/\",\"url\":\"https:\/\/www.academianutricionydietetica.org\/pro\/transparencia\/gobierno-abierto\/consultapublicavicongresoand\/\",\"name\":\"Gobierno abierto de la Academia. \u00bfQu\u00e9 conferencias te gustar\u00eda escuchar en el VI Congreso AND? - Academia Espa\u00f1ola de Nutrici\u00f3n y Diet\u00e9tica\",\"isPartOf\":{\"@id\":\"https:\/\/www.academianutricionydietetica.org\/pro\/#website\"},\"primaryImageOfPage\":{\"@id\":\"https:\/\/www.academianutricionydietetica.org\/pro\/transparencia\/gobierno-abierto\/consultapublicavicongresoand\/#primaryimage\"},\"image\":{\"@id\":\"https:\/\/www.academianutricionydietetica.org\/pro\/transparencia\/gobierno-abierto\/consultapublicavicongresoand\/#primaryimage\"},\"thumbnailUrl\":\"https:\/\/www.academianutricionydietetica.org\/pro\/wp-content\/uploads\/2022\/12\/Bcn2023-2-1024x313.jpg\",\"datePublished\":\"2022-12-16T14:30:54+00:00\",\"dateModified\":\"2023-03-14T13:36:44+00:00\",\"author\":{\"@id\":\"https:\/\/www.academianutricionydietetica.org\/pro\/#\/schema\/person\/e9d1b91e24e7716303b883696c369b10\"},\"breadcrumb\":{\"@id\":\"https:\/\/www.academianutricionydietetica.org\/pro\/transparencia\/gobierno-abierto\/consultapublicavicongresoand\/#breadcrumb\"},\"inLanguage\":\"es\",\"potentialAction\":[{\"@type\":\"ReadAction\",\"target\":[\"https:\/\/www.academianutricionydietetica.org\/pro\/transparencia\/gobierno-abierto\/consultapublicavicongresoand\/\"]}]},{\"@type\":\"ImageObject\",\"inLanguage\":\"es\",\"@id\":\"https:\/\/www.academianutricionydietetica.org\/pro\/transparencia\/gobierno-abierto\/consultapublicavicongresoand\/#primaryimage\",\"url\":\"https:\/\/www.academianutricionydietetica.org\/pro\/uploads\/2022\/12\/Bcn2023-2.jpg\",\"contentUrl\":\"https:\/\/www.academianutricionydietetica.org\/pro\/uploads\/2022\/12\/Bcn2023-2.jpg\",\"width\":1279,\"height\":391},{\"@type\":\"BreadcrumbList\",\"@id\":\"https:\/\/www.academianutricionydietetica.org\/pro\/transparencia\/gobierno-abierto\/consultapublicavicongresoand\/#breadcrumb\",\"itemListElement\":[{\"@type\":\"ListItem\",\"position\":1,\"name\":\"Inicio\",\"item\":\"https:\/\/www.academianutricionydietetica.org\/pro\/\"},{\"@type\":\"ListItem\",\"position\":2,\"name\":\"Transparencia\",\"item\":\"https:\/\/www.academianutricionydietetica.org\/pro\/transparencia\/\"},{\"@type\":\"ListItem\",\"position\":3,\"name\":\"Gobierno abierto: consultas p\u00fablicas\",\"item\":\"https:\/\/www.academianutricionydietetica.org\/pro\/transparencia\/gobierno-abierto\/\"},{\"@type\":\"ListItem\",\"position\":4,\"name\":\"Gobierno abierto de la Academia. \u00bfQu\u00e9 conferencias te gustar\u00eda escuchar en el VI Congreso AND?\"}]},{\"@type\":\"WebSite\",\"@id\":\"https:\/\/www.academianutricionydietetica.org\/pro\/#website\",\"url\":\"https:\/\/www.academianutricionydietetica.org\/pro\/\",\"name\":\"Academia Espa\u00f1ola de Nutrici\u00f3n y Diet\u00e9tica\",\"description\":\"Formaci\u00f3n, noticias, jornadas y eventos\",\"potentialAction\":[{\"@type\":\"SearchAction\",\"target\":{\"@type\":\"EntryPoint\",\"urlTemplate\":\"https:\/\/www.academianutricionydietetica.org\/pro\/?s={search_term_string}\"},\"query-input\":{\"@type\":\"PropertyValueSpecification\",\"valueRequired\":true,\"valueName\":\"search_term_string\"}}],\"inLanguage\":\"es\"},{\"@type\":\"Person\",\"@id\":\"https:\/\/www.academianutricionydietetica.org\/pro\/#\/schema\/person\/e9d1b91e24e7716303b883696c369b10\",\"name\":\"Secretaria\",\"image\":{\"@type\":\"ImageObject\",\"inLanguage\":\"es\",\"@id\":\"https:\/\/www.academianutricionydietetica.org\/pro\/#\/schema\/person\/image\/\",\"url\":\"https:\/\/secure.gravatar.com\/avatar\/247b43c92937c97e6e1676ef357f9f5b0c592890e34a90558fff8368b22da015?s=96&d=mm&r=g\",\"contentUrl\":\"https:\/\/secure.gravatar.com\/avatar\/247b43c92937c97e6e1676ef357f9f5b0c592890e34a90558fff8368b22da015?s=96&d=mm&r=g\",\"caption\":\"Secretaria\"},\"sameAs\":[\"http:\/\/academianutricion.org\"]}]}<\/script>\n<!-- \/ Yoast SEO plugin. -->","yoast_head_json":{"title":"Gobierno abierto de la Academia. \u00bfQu\u00e9 conferencias te gustar\u00eda escuchar en el VI Congreso AND? - Academia Espa\u00f1ola de Nutrici\u00f3n y Diet\u00e9tica","robots":{"index":"index","follow":"follow","max-snippet":"max-snippet:-1","max-image-preview":"max-image-preview:large","max-video-preview":"max-video-preview:-1"},"canonical":"https:\/\/www.academianutricionydietetica.org\/pro\/transparencia\/gobierno-abierto\/consultapublicavicongresoand\/","og_locale":"es_ES","og_type":"article","og_title":"Gobierno abierto de la Academia. \u00bfQu\u00e9 conferencias te gustar\u00eda escuchar en el VI Congreso AND? - Academia Espa\u00f1ola de Nutrici\u00f3n y Diet\u00e9tica","og_description":"El VI Congreso AND se celebrar\u00e1 en Barcelona los d\u00edas 19 y 20 de octubre de 2023 con el lema Nutrici\u00f3n con el coraz\u00f3n: Dietas Plant-Based en el ejercicio profesional.","og_url":"https:\/\/www.academianutricionydietetica.org\/pro\/transparencia\/gobierno-abierto\/consultapublicavicongresoand\/","og_site_name":"Academia Espa\u00f1ola de Nutrici\u00f3n y Diet\u00e9tica","article_published_time":"2022-12-16T14:30:54+00:00","article_modified_time":"2023-03-14T13:36:44+00:00","og_image":[{"url":"https:\/\/www.academianutricionydietetica.org\/pro\/wp-content\/uploads\/2022\/12\/Bcn2023-2-1024x313.jpg","type":"","width":"","height":""}],"author":"Secretaria","twitter_card":"summary_large_image","twitter_misc":{"Escrito por":"Secretaria","Tiempo de lectura":"5 minutos"},"schema":{"@context":"https:\/\/schema.org","@graph":[{"@type":"Article","@id":"https:\/\/www.academianutricionydietetica.org\/pro\/transparencia\/gobierno-abierto\/consultapublicavicongresoand\/#article","isPartOf":{"@id":"https:\/\/www.academianutricionydietetica.org\/pro\/transparencia\/gobierno-abierto\/consultapublicavicongresoand\/"},"author":{"name":"Secretaria","@id":"https:\/\/www.academianutricionydietetica.org\/pro\/#\/schema\/person\/e9d1b91e24e7716303b883696c369b10"},"headline":"Gobierno abierto de la Academia. \u00bfQu\u00e9 conferencias te gustar\u00eda escuchar en el VI Congreso AND?","datePublished":"2022-12-16T14:30:54+00:00","dateModified":"2023-03-14T13:36:44+00:00","mainEntityOfPage":{"@id":"https:\/\/www.academianutricionydietetica.org\/pro\/transparencia\/gobierno-abierto\/consultapublicavicongresoand\/"},"wordCount":966,"image":{"@id":"https:\/\/www.academianutricionydietetica.org\/pro\/transparencia\/gobierno-abierto\/consultapublicavicongresoand\/#primaryimage"},"thumbnailUrl":"https:\/\/www.academianutricionydietetica.org\/pro\/wp-content\/uploads\/2022\/12\/Bcn2023-2-1024x313.jpg","articleSection":["Gobierno abierto: consultas p\u00fablicas","Transparencia"],"inLanguage":"es"},{"@type":"WebPage","@id":"https:\/\/www.academianutricionydietetica.org\/pro\/transparencia\/gobierno-abierto\/consultapublicavicongresoand\/","url":"https:\/\/www.academianutricionydietetica.org\/pro\/transparencia\/gobierno-abierto\/consultapublicavicongresoand\/","name":"Gobierno abierto de la Academia. \u00bfQu\u00e9 conferencias te gustar\u00eda escuchar en el VI Congreso AND? - Academia Espa\u00f1ola de Nutrici\u00f3n y Diet\u00e9tica","isPartOf":{"@id":"https:\/\/www.academianutricionydietetica.org\/pro\/#website"},"primaryImageOfPage":{"@id":"https:\/\/www.academianutricionydietetica.org\/pro\/transparencia\/gobierno-abierto\/consultapublicavicongresoand\/#primaryimage"},"image":{"@id":"https:\/\/www.academianutricionydietetica.org\/pro\/transparencia\/gobierno-abierto\/consultapublicavicongresoand\/#primaryimage"},"thumbnailUrl":"https:\/\/www.academianutricionydietetica.org\/pro\/wp-content\/uploads\/2022\/12\/Bcn2023-2-1024x313.jpg","datePublished":"2022-12-16T14:30:54+00:00","dateModified":"2023-03-14T13:36:44+00:00","author":{"@id":"https:\/\/www.academianutricionydietetica.org\/pro\/#\/schema\/person\/e9d1b91e24e7716303b883696c369b10"},"breadcrumb":{"@id":"https:\/\/www.academianutricionydietetica.org\/pro\/transparencia\/gobierno-abierto\/consultapublicavicongresoand\/#breadcrumb"},"inLanguage":"es","potentialAction":[{"@type":"ReadAction","target":["https:\/\/www.academianutricionydietetica.org\/pro\/transparencia\/gobierno-abierto\/consultapublicavicongresoand\/"]}]},{"@type":"ImageObject","inLanguage":"es","@id":"https:\/\/www.academianutricionydietetica.org\/pro\/transparencia\/gobierno-abierto\/consultapublicavicongresoand\/#primaryimage","url":"https:\/\/www.academianutricionydietetica.org\/pro\/uploads\/2022\/12\/Bcn2023-2.jpg","contentUrl":"https:\/\/www.academianutricionydietetica.org\/pro\/uploads\/2022\/12\/Bcn2023-2.jpg","width":1279,"height":391},{"@type":"BreadcrumbList","@id":"https:\/\/www.academianutricionydietetica.org\/pro\/transparencia\/gobierno-abierto\/consultapublicavicongresoand\/#breadcrumb","itemListElement":[{"@type":"ListItem","position":1,"name":"Inicio","item":"https:\/\/www.academianutricionydietetica.org\/pro\/"},{"@type":"ListItem","position":2,"name":"Transparencia","item":"https:\/\/www.academianutricionydietetica.org\/pro\/transparencia\/"},{"@type":"ListItem","position":3,"name":"Gobierno abierto: consultas p\u00fablicas","item":"https:\/\/www.academianutricionydietetica.org\/pro\/transparencia\/gobierno-abierto\/"},{"@type":"ListItem","position":4,"name":"Gobierno abierto de la Academia. \u00bfQu\u00e9 conferencias te gustar\u00eda escuchar en el VI Congreso AND?"}]},{"@type":"WebSite","@id":"https:\/\/www.academianutricionydietetica.org\/pro\/#website","url":"https:\/\/www.academianutricionydietetica.org\/pro\/","name":"Academia Espa\u00f1ola de Nutrici\u00f3n y Diet\u00e9tica","description":"Formaci\u00f3n, noticias, jornadas y eventos","potentialAction":[{"@type":"SearchAction","target":{"@type":"EntryPoint","urlTemplate":"https:\/\/www.academianutricionydietetica.org\/pro\/?s={search_term_string}"},"query-input":{"@type":"PropertyValueSpecification","valueRequired":true,"valueName":"search_term_string"}}],"inLanguage":"es"},{"@type":"Person","@id":"https:\/\/www.academianutricionydietetica.org\/pro\/#\/schema\/person\/e9d1b91e24e7716303b883696c369b10","name":"Secretaria","image":{"@type":"ImageObject","inLanguage":"es","@id":"https:\/\/www.academianutricionydietetica.org\/pro\/#\/schema\/person\/image\/","url":"https:\/\/secure.gravatar.com\/avatar\/247b43c92937c97e6e1676ef357f9f5b0c592890e34a90558fff8368b22da015?s=96&d=mm&r=g","contentUrl":"https:\/\/secure.gravatar.com\/avatar\/247b43c92937c97e6e1676ef357f9f5b0c592890e34a90558fff8368b22da015?s=96&d=mm&r=g","caption":"Secretaria"},"sameAs":["http:\/\/academianutricion.org"]}]}},"_links":{"self":[{"href":"https:\/\/www.academianutricionydietetica.org\/pro\/wp-json\/wp\/v2\/posts\/20441","targetHints":{"allow":["GET"]}}],"collection":[{"href":"https:\/\/www.academianutricionydietetica.org\/pro\/wp-json\/wp\/v2\/posts"}],"about":[{"href":"https:\/\/www.academianutricionydietetica.org\/pro\/wp-json\/wp\/v2\/types\/post"}],"author":[{"embeddable":true,"href":"https:\/\/www.academianutricionydietetica.org\/pro\/wp-json\/wp\/v2\/users\/4"}],"replies":[{"embeddable":true,"href":"https:\/\/www.academianutricionydietetica.org\/pro\/wp-json\/wp\/v2\/comments?post=20441"}],"version-history":[{"count":7,"href":"https:\/\/www.academianutricionydietetica.org\/pro\/wp-json\/wp\/v2\/posts\/20441\/revisions"}],"predecessor-version":[{"id":20467,"href":"https:\/\/www.academianutricionydietetica.org\/pro\/wp-json\/wp\/v2\/posts\/20441\/revisions\/20467"}],"wp:attachment":[{"href":"https:\/\/www.academianutricionydietetica.org\/pro\/wp-json\/wp\/v2\/media?parent=20441"}],"wp:term":[{"taxonomy":"category","embeddable":true,"href":"https:\/\/www.academianutricionydietetica.org\/pro\/wp-json\/wp\/v2\/categories?post=20441"},{"taxonomy":"post_tag","embeddable":true,"href":"https:\/\/www.academianutricionydietetica.org\/pro\/wp-json\/wp\/v2\/tags?post=20441"}],"curies":[{"name":"wp","href":"https:\/\/api.w.org\/{rel}","templated":true}]}}