{"id":22344,"date":"2024-03-19T19:25:23","date_gmt":"2024-03-19T19:25:23","guid":{"rendered":"https:\/\/www.academianutricionydietetica.org\/pro\/?p=22344"},"modified":"2024-04-04T12:01:52","modified_gmt":"2024-04-04T12:01:52","slug":"consulta-publica-vii-congreso-and","status":"publish","type":"post","link":"https:\/\/www.academianutricionydietetica.org\/pro\/transparencia\/gobierno-abierto\/consulta-publica-vii-congreso-and\/","title":{"rendered":"Gobierno abierto de la Academia. \u00bfQu\u00e9 conferencias te gustar\u00eda escuchar en el VII Congreso AND?"},"content":{"rendered":"\n<p>La Academia en vistas a la organizaci\u00f3n del VII Congreso AND, pone a tu disposici\u00f3n la consulta p\u00fablica  con el objetivo de saber la tem\u00e1tica que m\u00e1s inter\u00e9s te suscita. <\/p>\n\n\n\n<p>Ya que en ocasiones, el programa cient\u00edfico de los congresos se aleja de las necesidades de los profesionales y no tienen un resultado directo en la pr\u00e1ctica diet\u00e9tica de las dietistas-nutricionistas y profesionales de la salud. Es por ello, que la Academia, comprometida con todos sus miembros, te invita a participar en esta consulta de gobierno abierto para ayudar al Comit\u00e9 Cient\u00edfico del VI Congreso AND a dise\u00f1ar el programa cient\u00edfico del congreso.<\/p>\n\n\n\n<p>Participa en esta iniciativa de Gobierno Abierto de la Academia y ay\u00fadanos a preparar un programa cient\u00edfico acorde con tus necesidades y que cumpla tus expectativas. Tienes <strong>hasta el 29 de abril<\/strong> para darnos tu opini\u00f3n.<\/p>\n\n\n\n<h2 class=\"wp-block-heading\"><strong>\u00c1reas de intervenci\u00f3n del VII Congreso AND<\/strong><\/h2>\n\n\n\n<p><strong>Lema del VII Congreso AND:<\/strong> <strong>\u00abNutrici\u00f3n y emoci\u00f3n: nuevos paradigmas en la relaci\u00f3n psicolog\u00eda y nutrici\u00f3n\u00bb<\/strong><\/p>\n\n\n\n<p><strong>\u00c1rea de nutrici\u00f3n cl\u00ednica<\/strong>. En cualquier \u00e1mbito asistencial, tanto en consulta privada como p\u00fablica, en atenci\u00f3n primaria u hospitalaria (general y\/o especializada) es fundamental que el dietista-nutricionista cl\u00ednico conozca los factores psicol\u00f3gicos relacionados con la conducta alimentaria, con la creaci\u00f3n y mantenimiento de nuevos h\u00e1bitos y con las dificultades en la realizaci\u00f3n de cambios diet\u00e9ticos, as\u00ed como que potencie el trabajo en equipo entre profesionales sanitarios. A lo largo de todas las etapas de la vida, la gesti\u00f3n emocional y el aprendizaje juegan un papel crucial en la relaci\u00f3n con la comida. Disponer de los conocimientos actuales sobre ello es un reto para poder desempe\u00f1ar una adecuada pr\u00e1ctica profesional, respetuosa y desde un punto de vista integral, que promueva el trabajo interdisciplinar, clave para lograr un \u00f3ptimo y completo estado de salud (f\u00edsico, mental y social).<\/p>\n\n\n\n<p><strong>\u00c1rea de nutrici\u00f3n comunitaria y salud p\u00fablica<\/strong>. El conocimiento de la relaci\u00f3n entre la conducta alimentaria y la salud de las personas supone actualizar y mejorar las actividades de promoci\u00f3n de la salud y prevenci\u00f3n de trastornos y enfermedades relacionadas con la nutrici\u00f3n y los estilos de vida, realizando un enfoque integrativo tambi\u00e9n desde la salud p\u00fablica. Para poder planificar y desarrollar acciones colectivas en materia de alimentaci\u00f3n basadas en las necesidades de la poblaci\u00f3n y la promoci\u00f3n de la salud, el conocimiento de la importancia de las emociones en la alimentaci\u00f3n es fundamental para una pr\u00e1ctica profesional actual, basada en la evidencia cient\u00edfica y generando sinergias entre profesionales de diferentes sectores.<\/p>\n\n\n\n<p><strong>\u00c1rea de restauraci\u00f3n colectiva<\/strong>. Los servicios de planificaci\u00f3n de men\u00fas para colectividades no suelen tener en cuenta aspectos como la importancia de la pr\u00e1ctica de la alimentaci\u00f3n consciente e intuitiva en su organizaci\u00f3n y desarrollo, lo cual tiene un impacto negativo sobre la experiencia del usuario, as\u00ed como a medio-largo plazo sobre la conducta alimentaria aprendida. Es por ello que estar a la vanguardia de las nuevas tendencias que tienen en cuenta los aspectos sensoriales, emocionales y sociales en alimentaci\u00f3n desde la restauraci\u00f3n colectiva, es crucial para potenciar e innovar en esta \u00e1rea de trabajo.<\/p>\n\n\n\n<p><strong>\u00c1rea de innovaci\u00f3n, tecnolog\u00eda de alimentos, habilidades culinarias, gastronom\u00eda y cultura alimentaria<\/strong>. Las nuevas tendencias alimentarias tienen un componente emocional muy presente, sobre todo desde el marketing nutricional, lo cual impacta de forma directa en las elecciones alimentarias del consumidor. La evoluci\u00f3n de las t\u00e9cnicas culinarias, la gastronom\u00eda y la cultura de la alimentaci\u00f3n en los \u00faltimos a\u00f1os ha pasado de comer para nutrirnos a comer para disfrutar, lo cual incluye una serie de factores sociales, familiares, culturales, emocionales y conductuales que van mucho m\u00e1s all\u00e1 del mero hecho de alimentarnos. Conocer y analizar estas tendencias puede favorecer los patrones alimentarios no dicot\u00f3micos y de esta forma promover una buena relaci\u00f3n con la comida.<\/p>\n\n\n\n<p><strong>\u00c1rea de docencia e investigaci\u00f3n<\/strong>. El pesocentrismo y la gordofobia actuales tambi\u00e9n est\u00e1n presentes en la investigaci\u00f3n, generando sesgos por estigma de peso. El conocimiento del papel de la psicolog\u00eda en la alimentaci\u00f3n, de las consecuencias del estigma de peso y la cultura de la dieta y del impacto de la gordofobia en la salud mental es fundamental para poder formar tanto a nuevos dietistas-nutricionistas como a otros profesionales sanitarios, con un enfoque integral y no pesocentrista, basado en el trabajo en equipo. La investigaci\u00f3n b\u00e1sica y aplicada constituye la base de todo avance cient\u00edfico de las ciencias de la nutrici\u00f3n y la diet\u00e9tica, por lo que el an\u00e1lisis y reflexi\u00f3n de los enfoques y planteamientos de los estudios y de las l\u00edneas de investigaci\u00f3n futuras, debe ser una prioridad.<\/p>\n\n\n\n<h2 class=\"wp-block-heading\"><strong>Datos t\u00e9cnicos de la consulta p\u00fablica<\/strong><\/h2>\n\n\n\n<p>DEPARTAMENTO: \u00c1rea de Gesti\u00f3n del Conocimiento Cient\u00edfico de la Academia.<\/p>\n\n\n\n<p>UNIDAD RESPONSABLE: Patronato de la Academia.<\/p>\n\n\n\n<p>TIPO DE PROPUESTA: Recogida de ideas y propuestas para la elaboraci\u00f3n del programa cient\u00edfico del VII Congreso de Alimentaci\u00f3n, Nutrici\u00f3n y Diet\u00e9tica.<\/p>\n\n\n\n<p>DOCUMENTACION: Enlace a un formulario para recoger propuestas e ideas.<\/p>\n\n\n\n<p>FECHA ACTUALIZACI\u00d3N: Mi\u00e9rcoles 20 de marzo de 2024.<\/p>\n\n\n\n<p>PERIODOS DE PARTICIPACI\u00d3N: Se abre un per\u00edodo de recogida de propuestas e ideas hasta el <strong>viernes 29 de abril de 2024.<\/strong><\/p>\n\n\n\n<figure class=\"wp-block-image size-large\"><img loading=\"lazy\" decoding=\"async\" width=\"1024\" height=\"132\" src=\"https:\/\/www.academianutricionydietetica.org\/pro\/uploads\/TRANSPARENCIA\/GobiernoAbierto\/Congreso_AND_logo_leyenda-1024x132.png\" alt=\"\" class=\"wp-image-22570\" srcset=\"https:\/\/www.academianutricionydietetica.org\/pro\/uploads\/TRANSPARENCIA\/GobiernoAbierto\/Congreso_AND_logo_leyenda-1024x132.png 1024w, https:\/\/www.academianutricionydietetica.org\/pro\/uploads\/TRANSPARENCIA\/GobiernoAbierto\/Congreso_AND_logo_leyenda-300x39.png 300w, https:\/\/www.academianutricionydietetica.org\/pro\/uploads\/TRANSPARENCIA\/GobiernoAbierto\/Congreso_AND_logo_leyenda-768x99.png 768w, https:\/\/www.academianutricionydietetica.org\/pro\/uploads\/TRANSPARENCIA\/GobiernoAbierto\/Congreso_AND_logo_leyenda-1536x198.png 1536w, https:\/\/www.academianutricionydietetica.org\/pro\/uploads\/TRANSPARENCIA\/GobiernoAbierto\/Congreso_AND_logo_leyenda-2048x264.png 2048w\" sizes=\"auto, (max-width: 1024px) 100vw, 1024px\" \/><\/figure>\n\n\n\n<p><\/p>\n\n\n\n<div class=\"wp-block-buttons is-content-justification-center is-layout-flex wp-container-core-buttons-is-layout-16018d1d wp-block-buttons-is-layout-flex\">\n<div class=\"wp-block-button has-custom-font-size has-small-font-size\"><a class=\"wp-block-button__link has-background wp-element-button\" href=\"https:\/\/docs.google.com\/forms\/d\/e\/1FAIpQLSc4bfWtTrY7RN7hV3vUdQD5bVFH3eXRH-MrOYYJ60s2ctJ8tQ\/viewform?usp=send_form\" style=\"border-radius:0px;background-color:#7aa8ae\"><strong>HAZ CLIC AQU\u00cd PARA PARTICIPAR EN LA CONSULTA P\u00daBLICA DEL <strong>VII<\/strong><\/strong> <strong>CONGRESO AND<\/strong><\/a><\/div>\n<\/div>\n\n\n\n<div class=\"wp-block-media-text alignwide is-stacked-on-mobile\" style=\"grid-template-columns:15% auto\"><figure class=\"wp-block-media-text__media\"><img decoding=\"async\" src=\"https:\/\/www.academianutricionydietetica.org\/pro\/wp-content\/uploads\/2022\/07\/cropped-AEND_logo_color_512x512.png\" alt=\"\"\/><\/figure><div class=\"wp-block-media-text__content\">\n<p style=\"font-size:14px\">La Academia se reserva el derecho de publicaci\u00f3n atendiendo a cuestiones de evidencia, \u00e9tica y posibles conflictos de inter\u00e9s que ser\u00e1n debidamente notificados a los interesados.<\/p>\n<\/div><\/div>\n","protected":false},"excerpt":{"rendered":"<p>La Academia en vistas a la organizaci\u00f3n del VII Congreso AND, pone a tu disposici\u00f3n la consulta p\u00fablica con el objetivo de saber la tem\u00e1tica que m\u00e1s inter\u00e9s te suscita.<\/p>\n","protected":false},"author":4,"featured_media":0,"comment_status":"closed","ping_status":"open","sticky":false,"template":"","format":"standard","meta":{"_acf_changed":false,"_monsterinsights_skip_tracking":false,"_monsterinsights_sitenote_active":false,"_monsterinsights_sitenote_note":"","_monsterinsights_sitenote_category":0,"footnotes":""},"categories":[124],"tags":[],"class_list":["post-22344","post","type-post","status-publish","format-standard","hentry","category-gobierno-abierto"],"acf":[],"yoast_head":"<!-- This site is optimized with the Yoast SEO plugin v26.7 - https:\/\/yoast.com\/wordpress\/plugins\/seo\/ -->\n<title>\u00bfQu\u00e9 conferencias quieres escuchar el el VII Congreso AND?<\/title>\n<meta name=\"description\" content=\"La Academia en vistas a la organizaci\u00f3n del VII Congreso AND, pone a tu disposici\u00f3n la consulta p\u00fablica. \u00a1Opina la tem\u00e1tica en la que se deber\u00eda basar el congreso!\" \/>\n<meta name=\"robots\" content=\"index, follow, max-snippet:-1, max-image-preview:large, max-video-preview:-1\" \/>\n<link rel=\"canonical\" href=\"https:\/\/www.academianutricionydietetica.org\/pro\/transparencia\/gobierno-abierto\/consulta-publica-vii-congreso-and\/\" \/>\n<meta property=\"og:locale\" content=\"es_ES\" \/>\n<meta property=\"og:type\" content=\"article\" \/>\n<meta property=\"og:title\" content=\"\u00bfQu\u00e9 conferencias quieres escuchar el el VII Congreso AND?\" \/>\n<meta property=\"og:description\" content=\"La Academia en vistas a la organizaci\u00f3n del VII Congreso AND, pone a tu disposici\u00f3n la consulta p\u00fablica. \u00a1Opina la tem\u00e1tica en la que se deber\u00eda basar el congreso!\" \/>\n<meta property=\"og:url\" content=\"https:\/\/www.academianutricionydietetica.org\/pro\/transparencia\/gobierno-abierto\/consulta-publica-vii-congreso-and\/\" \/>\n<meta property=\"og:site_name\" content=\"Academia Espa\u00f1ola de Nutrici\u00f3n y Diet\u00e9tica\" \/>\n<meta property=\"article:published_time\" content=\"2024-03-19T19:25:23+00:00\" \/>\n<meta property=\"article:modified_time\" content=\"2024-04-04T12:01:52+00:00\" \/>\n<meta property=\"og:image\" content=\"https:\/\/www.academianutricionydietetica.org\/pro\/uploads\/TRANSPARENCIA\/GobiernoAbierto\/Congreso_AND_logo_leyenda-1024x132.png\" \/>\n<meta name=\"author\" content=\"Secretaria\" \/>\n<meta name=\"twitter:card\" content=\"summary_large_image\" \/>\n<meta name=\"twitter:label1\" content=\"Escrito por\" \/>\n\t<meta name=\"twitter:data1\" content=\"Secretaria\" \/>\n\t<meta name=\"twitter:label2\" content=\"Tiempo de lectura\" \/>\n\t<meta name=\"twitter:data2\" content=\"5 minutos\" \/>\n<script type=\"application\/ld+json\" class=\"yoast-schema-graph\">{\"@context\":\"https:\/\/schema.org\",\"@graph\":[{\"@type\":\"Article\",\"@id\":\"https:\/\/www.academianutricionydietetica.org\/pro\/transparencia\/gobierno-abierto\/consulta-publica-vii-congreso-and\/#article\",\"isPartOf\":{\"@id\":\"https:\/\/www.academianutricionydietetica.org\/pro\/transparencia\/gobierno-abierto\/consulta-publica-vii-congreso-and\/\"},\"author\":{\"name\":\"Secretaria\",\"@id\":\"https:\/\/www.academianutricionydietetica.org\/pro\/#\/schema\/person\/e9d1b91e24e7716303b883696c369b10\"},\"headline\":\"Gobierno abierto de la Academia. \u00bfQu\u00e9 conferencias te gustar\u00eda escuchar en el VII Congreso AND?\",\"datePublished\":\"2024-03-19T19:25:23+00:00\",\"dateModified\":\"2024-04-04T12:01:52+00:00\",\"mainEntityOfPage\":{\"@id\":\"https:\/\/www.academianutricionydietetica.org\/pro\/transparencia\/gobierno-abierto\/consulta-publica-vii-congreso-and\/\"},\"wordCount\":984,\"image\":{\"@id\":\"https:\/\/www.academianutricionydietetica.org\/pro\/transparencia\/gobierno-abierto\/consulta-publica-vii-congreso-and\/#primaryimage\"},\"thumbnailUrl\":\"https:\/\/www.academianutricionydietetica.org\/pro\/uploads\/TRANSPARENCIA\/GobiernoAbierto\/Congreso_AND_logo_leyenda-1024x132.png\",\"articleSection\":[\"Gobierno abierto: consultas p\u00fablicas\"],\"inLanguage\":\"es\"},{\"@type\":\"WebPage\",\"@id\":\"https:\/\/www.academianutricionydietetica.org\/pro\/transparencia\/gobierno-abierto\/consulta-publica-vii-congreso-and\/\",\"url\":\"https:\/\/www.academianutricionydietetica.org\/pro\/transparencia\/gobierno-abierto\/consulta-publica-vii-congreso-and\/\",\"name\":\"\u00bfQu\u00e9 conferencias quieres escuchar el el VII Congreso AND?\",\"isPartOf\":{\"@id\":\"https:\/\/www.academianutricionydietetica.org\/pro\/#website\"},\"primaryImageOfPage\":{\"@id\":\"https:\/\/www.academianutricionydietetica.org\/pro\/transparencia\/gobierno-abierto\/consulta-publica-vii-congreso-and\/#primaryimage\"},\"image\":{\"@id\":\"https:\/\/www.academianutricionydietetica.org\/pro\/transparencia\/gobierno-abierto\/consulta-publica-vii-congreso-and\/#primaryimage\"},\"thumbnailUrl\":\"https:\/\/www.academianutricionydietetica.org\/pro\/uploads\/TRANSPARENCIA\/GobiernoAbierto\/Congreso_AND_logo_leyenda-1024x132.png\",\"datePublished\":\"2024-03-19T19:25:23+00:00\",\"dateModified\":\"2024-04-04T12:01:52+00:00\",\"author\":{\"@id\":\"https:\/\/www.academianutricionydietetica.org\/pro\/#\/schema\/person\/e9d1b91e24e7716303b883696c369b10\"},\"description\":\"La Academia en vistas a la organizaci\u00f3n del VII Congreso AND, pone a tu disposici\u00f3n la consulta p\u00fablica. \u00a1Opina la tem\u00e1tica en la que se deber\u00eda basar el congreso!\",\"breadcrumb\":{\"@id\":\"https:\/\/www.academianutricionydietetica.org\/pro\/transparencia\/gobierno-abierto\/consulta-publica-vii-congreso-and\/#breadcrumb\"},\"inLanguage\":\"es\",\"potentialAction\":[{\"@type\":\"ReadAction\",\"target\":[\"https:\/\/www.academianutricionydietetica.org\/pro\/transparencia\/gobierno-abierto\/consulta-publica-vii-congreso-and\/\"]}]},{\"@type\":\"ImageObject\",\"inLanguage\":\"es\",\"@id\":\"https:\/\/www.academianutricionydietetica.org\/pro\/transparencia\/gobierno-abierto\/consulta-publica-vii-congreso-and\/#primaryimage\",\"url\":\"https:\/\/www.academianutricionydietetica.org\/pro\/uploads\/TRANSPARENCIA\/GobiernoAbierto\/Congreso_AND_logo_leyenda.png\",\"contentUrl\":\"https:\/\/www.academianutricionydietetica.org\/pro\/uploads\/TRANSPARENCIA\/GobiernoAbierto\/Congreso_AND_logo_leyenda.png\",\"width\":3695,\"height\":476},{\"@type\":\"BreadcrumbList\",\"@id\":\"https:\/\/www.academianutricionydietetica.org\/pro\/transparencia\/gobierno-abierto\/consulta-publica-vii-congreso-and\/#breadcrumb\",\"itemListElement\":[{\"@type\":\"ListItem\",\"position\":1,\"name\":\"Inicio\",\"item\":\"https:\/\/www.academianutricionydietetica.org\/pro\/\"},{\"@type\":\"ListItem\",\"position\":2,\"name\":\"Transparencia\",\"item\":\"https:\/\/www.academianutricionydietetica.org\/pro\/transparencia\/\"},{\"@type\":\"ListItem\",\"position\":3,\"name\":\"Gobierno abierto: consultas p\u00fablicas\",\"item\":\"https:\/\/www.academianutricionydietetica.org\/pro\/transparencia\/gobierno-abierto\/\"},{\"@type\":\"ListItem\",\"position\":4,\"name\":\"Gobierno abierto de la Academia. \u00bfQu\u00e9 conferencias te gustar\u00eda escuchar en el VII Congreso AND?\"}]},{\"@type\":\"WebSite\",\"@id\":\"https:\/\/www.academianutricionydietetica.org\/pro\/#website\",\"url\":\"https:\/\/www.academianutricionydietetica.org\/pro\/\",\"name\":\"Academia Espa\u00f1ola de Nutrici\u00f3n y Diet\u00e9tica\",\"description\":\"Formaci\u00f3n, noticias, jornadas y eventos\",\"potentialAction\":[{\"@type\":\"SearchAction\",\"target\":{\"@type\":\"EntryPoint\",\"urlTemplate\":\"https:\/\/www.academianutricionydietetica.org\/pro\/?s={search_term_string}\"},\"query-input\":{\"@type\":\"PropertyValueSpecification\",\"valueRequired\":true,\"valueName\":\"search_term_string\"}}],\"inLanguage\":\"es\"},{\"@type\":\"Person\",\"@id\":\"https:\/\/www.academianutricionydietetica.org\/pro\/#\/schema\/person\/e9d1b91e24e7716303b883696c369b10\",\"name\":\"Secretaria\",\"image\":{\"@type\":\"ImageObject\",\"inLanguage\":\"es\",\"@id\":\"https:\/\/www.academianutricionydietetica.org\/pro\/#\/schema\/person\/image\/\",\"url\":\"https:\/\/secure.gravatar.com\/avatar\/247b43c92937c97e6e1676ef357f9f5b0c592890e34a90558fff8368b22da015?s=96&d=mm&r=g\",\"contentUrl\":\"https:\/\/secure.gravatar.com\/avatar\/247b43c92937c97e6e1676ef357f9f5b0c592890e34a90558fff8368b22da015?s=96&d=mm&r=g\",\"caption\":\"Secretaria\"},\"sameAs\":[\"http:\/\/academianutricion.org\"]}]}<\/script>\n<!-- \/ Yoast SEO plugin. -->","yoast_head_json":{"title":"\u00bfQu\u00e9 conferencias quieres escuchar el el VII Congreso AND?","description":"La Academia en vistas a la organizaci\u00f3n del VII Congreso AND, pone a tu disposici\u00f3n la consulta p\u00fablica. \u00a1Opina la tem\u00e1tica en la que se deber\u00eda basar el congreso!","robots":{"index":"index","follow":"follow","max-snippet":"max-snippet:-1","max-image-preview":"max-image-preview:large","max-video-preview":"max-video-preview:-1"},"canonical":"https:\/\/www.academianutricionydietetica.org\/pro\/transparencia\/gobierno-abierto\/consulta-publica-vii-congreso-and\/","og_locale":"es_ES","og_type":"article","og_title":"\u00bfQu\u00e9 conferencias quieres escuchar el el VII Congreso AND?","og_description":"La Academia en vistas a la organizaci\u00f3n del VII Congreso AND, pone a tu disposici\u00f3n la consulta p\u00fablica. \u00a1Opina la tem\u00e1tica en la que se deber\u00eda basar el congreso!","og_url":"https:\/\/www.academianutricionydietetica.org\/pro\/transparencia\/gobierno-abierto\/consulta-publica-vii-congreso-and\/","og_site_name":"Academia Espa\u00f1ola de Nutrici\u00f3n y Diet\u00e9tica","article_published_time":"2024-03-19T19:25:23+00:00","article_modified_time":"2024-04-04T12:01:52+00:00","og_image":[{"url":"https:\/\/www.academianutricionydietetica.org\/pro\/uploads\/TRANSPARENCIA\/GobiernoAbierto\/Congreso_AND_logo_leyenda-1024x132.png","type":"","width":"","height":""}],"author":"Secretaria","twitter_card":"summary_large_image","twitter_misc":{"Escrito por":"Secretaria","Tiempo de lectura":"5 minutos"},"schema":{"@context":"https:\/\/schema.org","@graph":[{"@type":"Article","@id":"https:\/\/www.academianutricionydietetica.org\/pro\/transparencia\/gobierno-abierto\/consulta-publica-vii-congreso-and\/#article","isPartOf":{"@id":"https:\/\/www.academianutricionydietetica.org\/pro\/transparencia\/gobierno-abierto\/consulta-publica-vii-congreso-and\/"},"author":{"name":"Secretaria","@id":"https:\/\/www.academianutricionydietetica.org\/pro\/#\/schema\/person\/e9d1b91e24e7716303b883696c369b10"},"headline":"Gobierno abierto de la Academia. \u00bfQu\u00e9 conferencias te gustar\u00eda escuchar en el VII Congreso AND?","datePublished":"2024-03-19T19:25:23+00:00","dateModified":"2024-04-04T12:01:52+00:00","mainEntityOfPage":{"@id":"https:\/\/www.academianutricionydietetica.org\/pro\/transparencia\/gobierno-abierto\/consulta-publica-vii-congreso-and\/"},"wordCount":984,"image":{"@id":"https:\/\/www.academianutricionydietetica.org\/pro\/transparencia\/gobierno-abierto\/consulta-publica-vii-congreso-and\/#primaryimage"},"thumbnailUrl":"https:\/\/www.academianutricionydietetica.org\/pro\/uploads\/TRANSPARENCIA\/GobiernoAbierto\/Congreso_AND_logo_leyenda-1024x132.png","articleSection":["Gobierno abierto: consultas p\u00fablicas"],"inLanguage":"es"},{"@type":"WebPage","@id":"https:\/\/www.academianutricionydietetica.org\/pro\/transparencia\/gobierno-abierto\/consulta-publica-vii-congreso-and\/","url":"https:\/\/www.academianutricionydietetica.org\/pro\/transparencia\/gobierno-abierto\/consulta-publica-vii-congreso-and\/","name":"\u00bfQu\u00e9 conferencias quieres escuchar el el VII Congreso AND?","isPartOf":{"@id":"https:\/\/www.academianutricionydietetica.org\/pro\/#website"},"primaryImageOfPage":{"@id":"https:\/\/www.academianutricionydietetica.org\/pro\/transparencia\/gobierno-abierto\/consulta-publica-vii-congreso-and\/#primaryimage"},"image":{"@id":"https:\/\/www.academianutricionydietetica.org\/pro\/transparencia\/gobierno-abierto\/consulta-publica-vii-congreso-and\/#primaryimage"},"thumbnailUrl":"https:\/\/www.academianutricionydietetica.org\/pro\/uploads\/TRANSPARENCIA\/GobiernoAbierto\/Congreso_AND_logo_leyenda-1024x132.png","datePublished":"2024-03-19T19:25:23+00:00","dateModified":"2024-04-04T12:01:52+00:00","author":{"@id":"https:\/\/www.academianutricionydietetica.org\/pro\/#\/schema\/person\/e9d1b91e24e7716303b883696c369b10"},"description":"La Academia en vistas a la organizaci\u00f3n del VII Congreso AND, pone a tu disposici\u00f3n la consulta p\u00fablica. \u00a1Opina la tem\u00e1tica en la que se deber\u00eda basar el congreso!","breadcrumb":{"@id":"https:\/\/www.academianutricionydietetica.org\/pro\/transparencia\/gobierno-abierto\/consulta-publica-vii-congreso-and\/#breadcrumb"},"inLanguage":"es","potentialAction":[{"@type":"ReadAction","target":["https:\/\/www.academianutricionydietetica.org\/pro\/transparencia\/gobierno-abierto\/consulta-publica-vii-congreso-and\/"]}]},{"@type":"ImageObject","inLanguage":"es","@id":"https:\/\/www.academianutricionydietetica.org\/pro\/transparencia\/gobierno-abierto\/consulta-publica-vii-congreso-and\/#primaryimage","url":"https:\/\/www.academianutricionydietetica.org\/pro\/uploads\/TRANSPARENCIA\/GobiernoAbierto\/Congreso_AND_logo_leyenda.png","contentUrl":"https:\/\/www.academianutricionydietetica.org\/pro\/uploads\/TRANSPARENCIA\/GobiernoAbierto\/Congreso_AND_logo_leyenda.png","width":3695,"height":476},{"@type":"BreadcrumbList","@id":"https:\/\/www.academianutricionydietetica.org\/pro\/transparencia\/gobierno-abierto\/consulta-publica-vii-congreso-and\/#breadcrumb","itemListElement":[{"@type":"ListItem","position":1,"name":"Inicio","item":"https:\/\/www.academianutricionydietetica.org\/pro\/"},{"@type":"ListItem","position":2,"name":"Transparencia","item":"https:\/\/www.academianutricionydietetica.org\/pro\/transparencia\/"},{"@type":"ListItem","position":3,"name":"Gobierno abierto: consultas p\u00fablicas","item":"https:\/\/www.academianutricionydietetica.org\/pro\/transparencia\/gobierno-abierto\/"},{"@type":"ListItem","position":4,"name":"Gobierno abierto de la Academia. \u00bfQu\u00e9 conferencias te gustar\u00eda escuchar en el VII Congreso AND?"}]},{"@type":"WebSite","@id":"https:\/\/www.academianutricionydietetica.org\/pro\/#website","url":"https:\/\/www.academianutricionydietetica.org\/pro\/","name":"Academia Espa\u00f1ola de Nutrici\u00f3n y Diet\u00e9tica","description":"Formaci\u00f3n, noticias, jornadas y eventos","potentialAction":[{"@type":"SearchAction","target":{"@type":"EntryPoint","urlTemplate":"https:\/\/www.academianutricionydietetica.org\/pro\/?s={search_term_string}"},"query-input":{"@type":"PropertyValueSpecification","valueRequired":true,"valueName":"search_term_string"}}],"inLanguage":"es"},{"@type":"Person","@id":"https:\/\/www.academianutricionydietetica.org\/pro\/#\/schema\/person\/e9d1b91e24e7716303b883696c369b10","name":"Secretaria","image":{"@type":"ImageObject","inLanguage":"es","@id":"https:\/\/www.academianutricionydietetica.org\/pro\/#\/schema\/person\/image\/","url":"https:\/\/secure.gravatar.com\/avatar\/247b43c92937c97e6e1676ef357f9f5b0c592890e34a90558fff8368b22da015?s=96&d=mm&r=g","contentUrl":"https:\/\/secure.gravatar.com\/avatar\/247b43c92937c97e6e1676ef357f9f5b0c592890e34a90558fff8368b22da015?s=96&d=mm&r=g","caption":"Secretaria"},"sameAs":["http:\/\/academianutricion.org"]}]}},"_links":{"self":[{"href":"https:\/\/www.academianutricionydietetica.org\/pro\/wp-json\/wp\/v2\/posts\/22344","targetHints":{"allow":["GET"]}}],"collection":[{"href":"https:\/\/www.academianutricionydietetica.org\/pro\/wp-json\/wp\/v2\/posts"}],"about":[{"href":"https:\/\/www.academianutricionydietetica.org\/pro\/wp-json\/wp\/v2\/types\/post"}],"author":[{"embeddable":true,"href":"https:\/\/www.academianutricionydietetica.org\/pro\/wp-json\/wp\/v2\/users\/4"}],"replies":[{"embeddable":true,"href":"https:\/\/www.academianutricionydietetica.org\/pro\/wp-json\/wp\/v2\/comments?post=22344"}],"version-history":[{"count":7,"href":"https:\/\/www.academianutricionydietetica.org\/pro\/wp-json\/wp\/v2\/posts\/22344\/revisions"}],"predecessor-version":[{"id":22661,"href":"https:\/\/www.academianutricionydietetica.org\/pro\/wp-json\/wp\/v2\/posts\/22344\/revisions\/22661"}],"wp:attachment":[{"href":"https:\/\/www.academianutricionydietetica.org\/pro\/wp-json\/wp\/v2\/media?parent=22344"}],"wp:term":[{"taxonomy":"category","embeddable":true,"href":"https:\/\/www.academianutricionydietetica.org\/pro\/wp-json\/wp\/v2\/categories?post=22344"},{"taxonomy":"post_tag","embeddable":true,"href":"https:\/\/www.academianutricionydietetica.org\/pro\/wp-json\/wp\/v2\/tags?post=22344"}],"curies":[{"name":"wp","href":"https:\/\/api.w.org\/{rel}","templated":true}]}}