{"id":23219,"date":"2024-12-11T11:04:20","date_gmt":"2024-12-11T11:04:20","guid":{"rendered":"https:\/\/www.academianutricionydietetica.org\/pro\/?p=23219"},"modified":"2024-12-16T10:04:23","modified_gmt":"2024-12-16T10:04:23","slug":"hoja-informativa-etiquetado-precautorio-alergenos","status":"publish","type":"post","link":"https:\/\/www.academianutricionydietetica.org\/pro\/documentos\/grupos-especializacion\/ge-sanidi-grupos-especializacion\/hoja-informativa-etiquetado-precautorio-alergenos\/","title":{"rendered":"Hoja informativa: Gu\u00eda sobre etiquetado precautorio de al\u00e9rgenos"},"content":{"rendered":"\n<p>El Grupo de Especializaci\u00f3n en Seguridad Alimentaria, Nutrici\u00f3n e I+D+i (GE\u2013SANIDi) de la Academia Espa\u00f1ola de Nutrici\u00f3n y Diet\u00e9tica, ha elaborado la presente hoja informativa llamada,\u00a0\u00abGu\u00eda sobre etiquetado precautorio de al\u00e9rgenos\u00bb.<\/p>\n\n\n\n<p>La presente hoja informativa pretende ser una gu\u00eda a cerca del etiquetado precautorio de al\u00e9rgenos. Esta informaci\u00f3n va dirigida a dietistas-nutricionistas con el fin de apoyarles en su ejercicio profesional.<\/p>\n\n\n\n<div class=\"wp-block-buttons has-custom-font-size is-content-justification-center is-layout-flex wp-container-core-buttons-is-layout-16018d1d wp-block-buttons-is-layout-flex\" style=\"font-size:14px\">\n<div class=\"wp-block-button has-custom-font-size is-style-fill\" style=\"font-size:14px\"><a class=\"wp-block-button__link has-background has-text-align-center wp-element-button\" href=\"https:\/\/www.academianutricionydietetica.org\/pro\/aend_hoja_informativa_alergenos_v3\/\" style=\"border-radius:0px;background-color:#7aa8ae\"><strong>HAZ CLIC AQU\u00cd PARA DESCARGAR LA HOJA INFORMATIVA<\/strong><\/a><\/div>\n<\/div>\n","protected":false},"excerpt":{"rendered":"<p>El Grupo de Especializaci\u00f3n en Seguridad Alimentaria, Nutrici\u00f3n e I+D+i (GE\u2013SANIDi) de la Academia Espa\u00f1ola de Nutrici\u00f3n y Diet\u00e9tica, ha elaborado la presente hoja informativa llamada,\u00a0\u00abGu\u00eda sobre etiquetado precautorio de<\/p>\n","protected":false},"author":4,"featured_media":0,"comment_status":"closed","ping_status":"open","sticky":false,"template":"","format":"standard","meta":{"_acf_changed":false,"_monsterinsights_skip_tracking":false,"_monsterinsights_sitenote_active":false,"_monsterinsights_sitenote_note":"","_monsterinsights_sitenote_category":0,"footnotes":""},"categories":[148],"tags":[],"class_list":["post-23219","post","type-post","status-publish","format-standard","hentry","category-ge-sanidi-grupos-especializacion"],"acf":[],"yoast_head":"<!-- This site is optimized with the Yoast SEO plugin v26.7 - https:\/\/yoast.com\/wordpress\/plugins\/seo\/ -->\n<title>Hoja informativa: Gu\u00eda sobre etiquetado precautorio de al\u00e9rgenos - Academia Espa\u00f1ola de Nutrici\u00f3n y Diet\u00e9tica<\/title>\n<meta name=\"description\" content=\"Grupo de Especializaci\u00f3n GE\u2013SANIDi de la Academia presenta la Hoja informativa: &quot;Gu\u00eda sobre etiquetado precautorio de al\u00e9rgenos&quot;.\" \/>\n<meta name=\"robots\" content=\"index, follow, max-snippet:-1, max-image-preview:large, max-video-preview:-1\" \/>\n<link rel=\"canonical\" href=\"https:\/\/www.academianutricionydietetica.org\/pro\/documentos\/grupos-especializacion\/ge-sanidi-grupos-especializacion\/hoja-informativa-etiquetado-precautorio-alergenos\/\" \/>\n<meta property=\"og:locale\" content=\"es_ES\" \/>\n<meta property=\"og:type\" content=\"article\" \/>\n<meta property=\"og:title\" content=\"Hoja informativa: Gu\u00eda sobre etiquetado precautorio de al\u00e9rgenos - Academia Espa\u00f1ola de Nutrici\u00f3n y Diet\u00e9tica\" \/>\n<meta property=\"og:description\" content=\"Grupo de Especializaci\u00f3n GE\u2013SANIDi de la Academia presenta la Hoja informativa: &quot;Gu\u00eda sobre etiquetado precautorio de al\u00e9rgenos&quot;.\" \/>\n<meta property=\"og:url\" content=\"https:\/\/www.academianutricionydietetica.org\/pro\/documentos\/grupos-especializacion\/ge-sanidi-grupos-especializacion\/hoja-informativa-etiquetado-precautorio-alergenos\/\" \/>\n<meta property=\"og:site_name\" content=\"Academia Espa\u00f1ola de Nutrici\u00f3n y Diet\u00e9tica\" \/>\n<meta property=\"article:published_time\" content=\"2024-12-11T11:04:20+00:00\" \/>\n<meta property=\"article:modified_time\" content=\"2024-12-16T10:04:23+00:00\" \/>\n<meta name=\"author\" content=\"Secretaria\" \/>\n<meta name=\"twitter:card\" content=\"summary_large_image\" \/>\n<meta name=\"twitter:label1\" content=\"Escrito por\" \/>\n\t<meta name=\"twitter:data1\" content=\"Secretaria\" \/>\n\t<meta name=\"twitter:label2\" content=\"Tiempo de lectura\" \/>\n\t<meta name=\"twitter:data2\" content=\"1 minuto\" \/>\n<script type=\"application\/ld+json\" class=\"yoast-schema-graph\">{\"@context\":\"https:\/\/schema.org\",\"@graph\":[{\"@type\":\"Article\",\"@id\":\"https:\/\/www.academianutricionydietetica.org\/pro\/documentos\/grupos-especializacion\/ge-sanidi-grupos-especializacion\/hoja-informativa-etiquetado-precautorio-alergenos\/#article\",\"isPartOf\":{\"@id\":\"https:\/\/www.academianutricionydietetica.org\/pro\/documentos\/grupos-especializacion\/ge-sanidi-grupos-especializacion\/hoja-informativa-etiquetado-precautorio-alergenos\/\"},\"author\":{\"name\":\"Secretaria\",\"@id\":\"https:\/\/www.academianutricionydietetica.org\/pro\/#\/schema\/person\/e9d1b91e24e7716303b883696c369b10\"},\"headline\":\"Hoja informativa: Gu\u00eda sobre etiquetado precautorio de al\u00e9rgenos\",\"datePublished\":\"2024-12-11T11:04:20+00:00\",\"dateModified\":\"2024-12-16T10:04:23+00:00\",\"mainEntityOfPage\":{\"@id\":\"https:\/\/www.academianutricionydietetica.org\/pro\/documentos\/grupos-especializacion\/ge-sanidi-grupos-especializacion\/hoja-informativa-etiquetado-precautorio-alergenos\/\"},\"wordCount\":93,\"articleSection\":[\"GE\u2013SANIDi\"],\"inLanguage\":\"es\"},{\"@type\":\"WebPage\",\"@id\":\"https:\/\/www.academianutricionydietetica.org\/pro\/documentos\/grupos-especializacion\/ge-sanidi-grupos-especializacion\/hoja-informativa-etiquetado-precautorio-alergenos\/\",\"url\":\"https:\/\/www.academianutricionydietetica.org\/pro\/documentos\/grupos-especializacion\/ge-sanidi-grupos-especializacion\/hoja-informativa-etiquetado-precautorio-alergenos\/\",\"name\":\"Hoja informativa: Gu\u00eda sobre etiquetado precautorio de al\u00e9rgenos - Academia Espa\u00f1ola de Nutrici\u00f3n y Diet\u00e9tica\",\"isPartOf\":{\"@id\":\"https:\/\/www.academianutricionydietetica.org\/pro\/#website\"},\"datePublished\":\"2024-12-11T11:04:20+00:00\",\"dateModified\":\"2024-12-16T10:04:23+00:00\",\"author\":{\"@id\":\"https:\/\/www.academianutricionydietetica.org\/pro\/#\/schema\/person\/e9d1b91e24e7716303b883696c369b10\"},\"description\":\"Grupo de Especializaci\u00f3n GE\u2013SANIDi de la Academia presenta la Hoja informativa: \\\"Gu\u00eda sobre etiquetado precautorio de al\u00e9rgenos\\\".\",\"breadcrumb\":{\"@id\":\"https:\/\/www.academianutricionydietetica.org\/pro\/documentos\/grupos-especializacion\/ge-sanidi-grupos-especializacion\/hoja-informativa-etiquetado-precautorio-alergenos\/#breadcrumb\"},\"inLanguage\":\"es\",\"potentialAction\":[{\"@type\":\"ReadAction\",\"target\":[\"https:\/\/www.academianutricionydietetica.org\/pro\/documentos\/grupos-especializacion\/ge-sanidi-grupos-especializacion\/hoja-informativa-etiquetado-precautorio-alergenos\/\"]}]},{\"@type\":\"BreadcrumbList\",\"@id\":\"https:\/\/www.academianutricionydietetica.org\/pro\/documentos\/grupos-especializacion\/ge-sanidi-grupos-especializacion\/hoja-informativa-etiquetado-precautorio-alergenos\/#breadcrumb\",\"itemListElement\":[{\"@type\":\"ListItem\",\"position\":1,\"name\":\"Inicio\",\"item\":\"https:\/\/www.academianutricionydietetica.org\/pro\/\"},{\"@type\":\"ListItem\",\"position\":2,\"name\":\"Documentos\",\"item\":\"https:\/\/www.academianutricionydietetica.org\/pro\/documentos\/\"},{\"@type\":\"ListItem\",\"position\":3,\"name\":\"Documentos de grupos de especializaci\u00f3n\",\"item\":\"https:\/\/www.academianutricionydietetica.org\/pro\/documentos\/grupos-especializacion\/\"},{\"@type\":\"ListItem\",\"position\":4,\"name\":\"GE\u2013SANIDi\",\"item\":\"https:\/\/www.academianutricionydietetica.org\/pro\/documentos\/grupos-especializacion\/ge-sanidi-grupos-especializacion\/\"},{\"@type\":\"ListItem\",\"position\":5,\"name\":\"Hoja informativa: Gu\u00eda sobre etiquetado precautorio de al\u00e9rgenos\"}]},{\"@type\":\"WebSite\",\"@id\":\"https:\/\/www.academianutricionydietetica.org\/pro\/#website\",\"url\":\"https:\/\/www.academianutricionydietetica.org\/pro\/\",\"name\":\"Academia Espa\u00f1ola de Nutrici\u00f3n y Diet\u00e9tica\",\"description\":\"Formaci\u00f3n, noticias, jornadas y eventos\",\"potentialAction\":[{\"@type\":\"SearchAction\",\"target\":{\"@type\":\"EntryPoint\",\"urlTemplate\":\"https:\/\/www.academianutricionydietetica.org\/pro\/?s={search_term_string}\"},\"query-input\":{\"@type\":\"PropertyValueSpecification\",\"valueRequired\":true,\"valueName\":\"search_term_string\"}}],\"inLanguage\":\"es\"},{\"@type\":\"Person\",\"@id\":\"https:\/\/www.academianutricionydietetica.org\/pro\/#\/schema\/person\/e9d1b91e24e7716303b883696c369b10\",\"name\":\"Secretaria\",\"image\":{\"@type\":\"ImageObject\",\"inLanguage\":\"es\",\"@id\":\"https:\/\/www.academianutricionydietetica.org\/pro\/#\/schema\/person\/image\/\",\"url\":\"https:\/\/secure.gravatar.com\/avatar\/247b43c92937c97e6e1676ef357f9f5b0c592890e34a90558fff8368b22da015?s=96&d=mm&r=g\",\"contentUrl\":\"https:\/\/secure.gravatar.com\/avatar\/247b43c92937c97e6e1676ef357f9f5b0c592890e34a90558fff8368b22da015?s=96&d=mm&r=g\",\"caption\":\"Secretaria\"},\"sameAs\":[\"http:\/\/academianutricion.org\"]}]}<\/script>\n<!-- \/ Yoast SEO plugin. -->","yoast_head_json":{"title":"Hoja informativa: Gu\u00eda sobre etiquetado precautorio de al\u00e9rgenos - Academia Espa\u00f1ola de Nutrici\u00f3n y Diet\u00e9tica","description":"Grupo de Especializaci\u00f3n GE\u2013SANIDi de la Academia presenta la Hoja informativa: \"Gu\u00eda sobre etiquetado precautorio de al\u00e9rgenos\".","robots":{"index":"index","follow":"follow","max-snippet":"max-snippet:-1","max-image-preview":"max-image-preview:large","max-video-preview":"max-video-preview:-1"},"canonical":"https:\/\/www.academianutricionydietetica.org\/pro\/documentos\/grupos-especializacion\/ge-sanidi-grupos-especializacion\/hoja-informativa-etiquetado-precautorio-alergenos\/","og_locale":"es_ES","og_type":"article","og_title":"Hoja informativa: Gu\u00eda sobre etiquetado precautorio de al\u00e9rgenos - Academia Espa\u00f1ola de Nutrici\u00f3n y Diet\u00e9tica","og_description":"Grupo de Especializaci\u00f3n GE\u2013SANIDi de la Academia presenta la Hoja informativa: \"Gu\u00eda sobre etiquetado precautorio de al\u00e9rgenos\".","og_url":"https:\/\/www.academianutricionydietetica.org\/pro\/documentos\/grupos-especializacion\/ge-sanidi-grupos-especializacion\/hoja-informativa-etiquetado-precautorio-alergenos\/","og_site_name":"Academia Espa\u00f1ola de Nutrici\u00f3n y Diet\u00e9tica","article_published_time":"2024-12-11T11:04:20+00:00","article_modified_time":"2024-12-16T10:04:23+00:00","author":"Secretaria","twitter_card":"summary_large_image","twitter_misc":{"Escrito por":"Secretaria","Tiempo de lectura":"1 minuto"},"schema":{"@context":"https:\/\/schema.org","@graph":[{"@type":"Article","@id":"https:\/\/www.academianutricionydietetica.org\/pro\/documentos\/grupos-especializacion\/ge-sanidi-grupos-especializacion\/hoja-informativa-etiquetado-precautorio-alergenos\/#article","isPartOf":{"@id":"https:\/\/www.academianutricionydietetica.org\/pro\/documentos\/grupos-especializacion\/ge-sanidi-grupos-especializacion\/hoja-informativa-etiquetado-precautorio-alergenos\/"},"author":{"name":"Secretaria","@id":"https:\/\/www.academianutricionydietetica.org\/pro\/#\/schema\/person\/e9d1b91e24e7716303b883696c369b10"},"headline":"Hoja informativa: Gu\u00eda sobre etiquetado precautorio de al\u00e9rgenos","datePublished":"2024-12-11T11:04:20+00:00","dateModified":"2024-12-16T10:04:23+00:00","mainEntityOfPage":{"@id":"https:\/\/www.academianutricionydietetica.org\/pro\/documentos\/grupos-especializacion\/ge-sanidi-grupos-especializacion\/hoja-informativa-etiquetado-precautorio-alergenos\/"},"wordCount":93,"articleSection":["GE\u2013SANIDi"],"inLanguage":"es"},{"@type":"WebPage","@id":"https:\/\/www.academianutricionydietetica.org\/pro\/documentos\/grupos-especializacion\/ge-sanidi-grupos-especializacion\/hoja-informativa-etiquetado-precautorio-alergenos\/","url":"https:\/\/www.academianutricionydietetica.org\/pro\/documentos\/grupos-especializacion\/ge-sanidi-grupos-especializacion\/hoja-informativa-etiquetado-precautorio-alergenos\/","name":"Hoja informativa: Gu\u00eda sobre etiquetado precautorio de al\u00e9rgenos - Academia Espa\u00f1ola de Nutrici\u00f3n y Diet\u00e9tica","isPartOf":{"@id":"https:\/\/www.academianutricionydietetica.org\/pro\/#website"},"datePublished":"2024-12-11T11:04:20+00:00","dateModified":"2024-12-16T10:04:23+00:00","author":{"@id":"https:\/\/www.academianutricionydietetica.org\/pro\/#\/schema\/person\/e9d1b91e24e7716303b883696c369b10"},"description":"Grupo de Especializaci\u00f3n GE\u2013SANIDi de la Academia presenta la Hoja informativa: \"Gu\u00eda sobre etiquetado precautorio de al\u00e9rgenos\".","breadcrumb":{"@id":"https:\/\/www.academianutricionydietetica.org\/pro\/documentos\/grupos-especializacion\/ge-sanidi-grupos-especializacion\/hoja-informativa-etiquetado-precautorio-alergenos\/#breadcrumb"},"inLanguage":"es","potentialAction":[{"@type":"ReadAction","target":["https:\/\/www.academianutricionydietetica.org\/pro\/documentos\/grupos-especializacion\/ge-sanidi-grupos-especializacion\/hoja-informativa-etiquetado-precautorio-alergenos\/"]}]},{"@type":"BreadcrumbList","@id":"https:\/\/www.academianutricionydietetica.org\/pro\/documentos\/grupos-especializacion\/ge-sanidi-grupos-especializacion\/hoja-informativa-etiquetado-precautorio-alergenos\/#breadcrumb","itemListElement":[{"@type":"ListItem","position":1,"name":"Inicio","item":"https:\/\/www.academianutricionydietetica.org\/pro\/"},{"@type":"ListItem","position":2,"name":"Documentos","item":"https:\/\/www.academianutricionydietetica.org\/pro\/documentos\/"},{"@type":"ListItem","position":3,"name":"Documentos de grupos de especializaci\u00f3n","item":"https:\/\/www.academianutricionydietetica.org\/pro\/documentos\/grupos-especializacion\/"},{"@type":"ListItem","position":4,"name":"GE\u2013SANIDi","item":"https:\/\/www.academianutricionydietetica.org\/pro\/documentos\/grupos-especializacion\/ge-sanidi-grupos-especializacion\/"},{"@type":"ListItem","position":5,"name":"Hoja informativa: Gu\u00eda sobre etiquetado precautorio de al\u00e9rgenos"}]},{"@type":"WebSite","@id":"https:\/\/www.academianutricionydietetica.org\/pro\/#website","url":"https:\/\/www.academianutricionydietetica.org\/pro\/","name":"Academia Espa\u00f1ola de Nutrici\u00f3n y Diet\u00e9tica","description":"Formaci\u00f3n, noticias, jornadas y eventos","potentialAction":[{"@type":"SearchAction","target":{"@type":"EntryPoint","urlTemplate":"https:\/\/www.academianutricionydietetica.org\/pro\/?s={search_term_string}"},"query-input":{"@type":"PropertyValueSpecification","valueRequired":true,"valueName":"search_term_string"}}],"inLanguage":"es"},{"@type":"Person","@id":"https:\/\/www.academianutricionydietetica.org\/pro\/#\/schema\/person\/e9d1b91e24e7716303b883696c369b10","name":"Secretaria","image":{"@type":"ImageObject","inLanguage":"es","@id":"https:\/\/www.academianutricionydietetica.org\/pro\/#\/schema\/person\/image\/","url":"https:\/\/secure.gravatar.com\/avatar\/247b43c92937c97e6e1676ef357f9f5b0c592890e34a90558fff8368b22da015?s=96&d=mm&r=g","contentUrl":"https:\/\/secure.gravatar.com\/avatar\/247b43c92937c97e6e1676ef357f9f5b0c592890e34a90558fff8368b22da015?s=96&d=mm&r=g","caption":"Secretaria"},"sameAs":["http:\/\/academianutricion.org"]}]}},"_links":{"self":[{"href":"https:\/\/www.academianutricionydietetica.org\/pro\/wp-json\/wp\/v2\/posts\/23219","targetHints":{"allow":["GET"]}}],"collection":[{"href":"https:\/\/www.academianutricionydietetica.org\/pro\/wp-json\/wp\/v2\/posts"}],"about":[{"href":"https:\/\/www.academianutricionydietetica.org\/pro\/wp-json\/wp\/v2\/types\/post"}],"author":[{"embeddable":true,"href":"https:\/\/www.academianutricionydietetica.org\/pro\/wp-json\/wp\/v2\/users\/4"}],"replies":[{"embeddable":true,"href":"https:\/\/www.academianutricionydietetica.org\/pro\/wp-json\/wp\/v2\/comments?post=23219"}],"version-history":[{"count":1,"href":"https:\/\/www.academianutricionydietetica.org\/pro\/wp-json\/wp\/v2\/posts\/23219\/revisions"}],"predecessor-version":[{"id":23220,"href":"https:\/\/www.academianutricionydietetica.org\/pro\/wp-json\/wp\/v2\/posts\/23219\/revisions\/23220"}],"wp:attachment":[{"href":"https:\/\/www.academianutricionydietetica.org\/pro\/wp-json\/wp\/v2\/media?parent=23219"}],"wp:term":[{"taxonomy":"category","embeddable":true,"href":"https:\/\/www.academianutricionydietetica.org\/pro\/wp-json\/wp\/v2\/categories?post=23219"},{"taxonomy":"post_tag","embeddable":true,"href":"https:\/\/www.academianutricionydietetica.org\/pro\/wp-json\/wp\/v2\/tags?post=23219"}],"curies":[{"name":"wp","href":"https:\/\/api.w.org\/{rel}","templated":true}]}}