{"id":24634,"date":"2026-03-23T16:58:24","date_gmt":"2026-03-23T16:58:24","guid":{"rendered":"https:\/\/www.academianutricionydietetica.org\/pro\/?p=24634"},"modified":"2026-03-23T16:58:25","modified_gmt":"2026-03-23T16:58:25","slug":"postura-de-la-academia-zumos-de-frutas-2","status":"publish","type":"post","link":"https:\/\/www.academianutricionydietetica.org\/pro\/documentos\/posicionamiento\/postura-de-la-academia-zumos-de-frutas-2\/","title":{"rendered":"Postura de la Academia Espa\u00f1ola de Nutrici\u00f3n y Diet\u00e9tica sobre el papel de los zumos de frutas en el marco de una alimentaci\u00f3n saludable"},"content":{"rendered":"\n<p>Para descargar el documento haz clic <strong><a href=\"https:\/\/www.academianutricionydietetica.org\/pro\/aend_estudio_zumos\/\">aqu\u00ed.<\/a><\/strong><\/p>\n","protected":false},"excerpt":{"rendered":"<p>Para descargar el documento haz clic aqu\u00ed.<\/p>\n","protected":false},"author":4,"featured_media":0,"comment_status":"closed","ping_status":"open","sticky":false,"template":"","format":"standard","meta":{"_acf_changed":false,"_monsterinsights_skip_tracking":false,"_monsterinsights_sitenote_active":false,"_monsterinsights_sitenote_note":"","_monsterinsights_sitenote_category":0,"footnotes":""},"categories":[130],"tags":[],"class_list":["post-24634","post","type-post","status-publish","format-standard","hentry","category-posicionamiento"],"acf":[],"yoast_head":"<!-- This site is optimized with the Yoast SEO plugin v26.7 - https:\/\/yoast.com\/wordpress\/plugins\/seo\/ -->\n<title>Postura de la Academia Espa\u00f1ola de Nutrici\u00f3n y Diet\u00e9tica sobre el papel de los zumos de frutas en el marco de una alimentaci\u00f3n saludable - Academia Espa\u00f1ola de Nutrici\u00f3n y Diet\u00e9tica<\/title>\n<meta name=\"description\" content=\"Documento de postura de La Academia sobre el papel de los zumos de frutas en el marco de una alimentaci\u00f3n saludable.\" \/>\n<meta name=\"robots\" content=\"index, follow, max-snippet:-1, max-image-preview:large, max-video-preview:-1\" \/>\n<link rel=\"canonical\" href=\"https:\/\/www.academianutricionydietetica.org\/pro\/documentos\/posicionamiento\/postura-de-la-academia-zumos-de-frutas-2\/\" \/>\n<meta property=\"og:locale\" content=\"es_ES\" \/>\n<meta property=\"og:type\" content=\"article\" \/>\n<meta property=\"og:title\" content=\"Postura de la Academia Espa\u00f1ola de Nutrici\u00f3n y Diet\u00e9tica sobre el papel de los zumos de frutas en el marco de una alimentaci\u00f3n saludable - Academia Espa\u00f1ola de Nutrici\u00f3n y Diet\u00e9tica\" \/>\n<meta property=\"og:description\" content=\"Documento de postura de La Academia sobre el papel de los zumos de frutas en el marco de una alimentaci\u00f3n saludable.\" \/>\n<meta property=\"og:url\" content=\"https:\/\/www.academianutricionydietetica.org\/pro\/documentos\/posicionamiento\/postura-de-la-academia-zumos-de-frutas-2\/\" \/>\n<meta property=\"og:site_name\" content=\"Academia Espa\u00f1ola de Nutrici\u00f3n y Diet\u00e9tica\" \/>\n<meta property=\"article:published_time\" content=\"2026-03-23T16:58:24+00:00\" \/>\n<meta property=\"article:modified_time\" content=\"2026-03-23T16:58:25+00:00\" \/>\n<meta name=\"author\" content=\"Secretaria\" \/>\n<meta name=\"twitter:card\" content=\"summary_large_image\" \/>\n<meta name=\"twitter:label1\" content=\"Escrito por\" \/>\n\t<meta name=\"twitter:data1\" content=\"Secretaria\" \/>\n\t<meta name=\"twitter:label2\" content=\"Tiempo de lectura\" \/>\n\t<meta name=\"twitter:data2\" content=\"1 minuto\" \/>\n<script type=\"application\/ld+json\" class=\"yoast-schema-graph\">{\"@context\":\"https:\/\/schema.org\",\"@graph\":[{\"@type\":\"Article\",\"@id\":\"https:\/\/www.academianutricionydietetica.org\/pro\/documentos\/posicionamiento\/postura-de-la-academia-zumos-de-frutas-2\/#article\",\"isPartOf\":{\"@id\":\"https:\/\/www.academianutricionydietetica.org\/pro\/documentos\/posicionamiento\/postura-de-la-academia-zumos-de-frutas-2\/\"},\"author\":{\"name\":\"Secretaria\",\"@id\":\"https:\/\/www.academianutricionydietetica.org\/pro\/#\/schema\/person\/e9d1b91e24e7716303b883696c369b10\"},\"headline\":\"Postura de la Academia Espa\u00f1ola de Nutrici\u00f3n y Diet\u00e9tica sobre el papel de los zumos de frutas en el marco de una alimentaci\u00f3n saludable\",\"datePublished\":\"2026-03-23T16:58:24+00:00\",\"dateModified\":\"2026-03-23T16:58:25+00:00\",\"mainEntityOfPage\":{\"@id\":\"https:\/\/www.academianutricionydietetica.org\/pro\/documentos\/posicionamiento\/postura-de-la-academia-zumos-de-frutas-2\/\"},\"wordCount\":35,\"articleSection\":[\"Documentos de posicionamiento\"],\"inLanguage\":\"es\"},{\"@type\":\"WebPage\",\"@id\":\"https:\/\/www.academianutricionydietetica.org\/pro\/documentos\/posicionamiento\/postura-de-la-academia-zumos-de-frutas-2\/\",\"url\":\"https:\/\/www.academianutricionydietetica.org\/pro\/documentos\/posicionamiento\/postura-de-la-academia-zumos-de-frutas-2\/\",\"name\":\"Postura de la Academia Espa\u00f1ola de Nutrici\u00f3n y Diet\u00e9tica sobre el papel de los zumos de frutas en el marco de una alimentaci\u00f3n saludable - Academia Espa\u00f1ola de Nutrici\u00f3n y Diet\u00e9tica\",\"isPartOf\":{\"@id\":\"https:\/\/www.academianutricionydietetica.org\/pro\/#website\"},\"datePublished\":\"2026-03-23T16:58:24+00:00\",\"dateModified\":\"2026-03-23T16:58:25+00:00\",\"author\":{\"@id\":\"https:\/\/www.academianutricionydietetica.org\/pro\/#\/schema\/person\/e9d1b91e24e7716303b883696c369b10\"},\"description\":\"Documento de postura de La Academia sobre el papel de los zumos de frutas en el marco de una alimentaci\u00f3n saludable.\",\"breadcrumb\":{\"@id\":\"https:\/\/www.academianutricionydietetica.org\/pro\/documentos\/posicionamiento\/postura-de-la-academia-zumos-de-frutas-2\/#breadcrumb\"},\"inLanguage\":\"es\",\"potentialAction\":[{\"@type\":\"ReadAction\",\"target\":[\"https:\/\/www.academianutricionydietetica.org\/pro\/documentos\/posicionamiento\/postura-de-la-academia-zumos-de-frutas-2\/\"]}]},{\"@type\":\"BreadcrumbList\",\"@id\":\"https:\/\/www.academianutricionydietetica.org\/pro\/documentos\/posicionamiento\/postura-de-la-academia-zumos-de-frutas-2\/#breadcrumb\",\"itemListElement\":[{\"@type\":\"ListItem\",\"position\":1,\"name\":\"Inicio\",\"item\":\"https:\/\/www.academianutricionydietetica.org\/pro\/\"},{\"@type\":\"ListItem\",\"position\":2,\"name\":\"Documentos\",\"item\":\"https:\/\/www.academianutricionydietetica.org\/pro\/documentos\/\"},{\"@type\":\"ListItem\",\"position\":3,\"name\":\"Documentos de posicionamiento\",\"item\":\"https:\/\/www.academianutricionydietetica.org\/pro\/documentos\/posicionamiento\/\"},{\"@type\":\"ListItem\",\"position\":4,\"name\":\"Postura de la Academia Espa\u00f1ola de Nutrici\u00f3n y Diet\u00e9tica sobre el papel de los zumos de frutas en el marco de una alimentaci\u00f3n saludable\"}]},{\"@type\":\"WebSite\",\"@id\":\"https:\/\/www.academianutricionydietetica.org\/pro\/#website\",\"url\":\"https:\/\/www.academianutricionydietetica.org\/pro\/\",\"name\":\"Academia Espa\u00f1ola de Nutrici\u00f3n y Diet\u00e9tica\",\"description\":\"Formaci\u00f3n, noticias, jornadas y eventos\",\"potentialAction\":[{\"@type\":\"SearchAction\",\"target\":{\"@type\":\"EntryPoint\",\"urlTemplate\":\"https:\/\/www.academianutricionydietetica.org\/pro\/?s={search_term_string}\"},\"query-input\":{\"@type\":\"PropertyValueSpecification\",\"valueRequired\":true,\"valueName\":\"search_term_string\"}}],\"inLanguage\":\"es\"},{\"@type\":\"Person\",\"@id\":\"https:\/\/www.academianutricionydietetica.org\/pro\/#\/schema\/person\/e9d1b91e24e7716303b883696c369b10\",\"name\":\"Secretaria\",\"image\":{\"@type\":\"ImageObject\",\"inLanguage\":\"es\",\"@id\":\"https:\/\/www.academianutricionydietetica.org\/pro\/#\/schema\/person\/image\/\",\"url\":\"https:\/\/secure.gravatar.com\/avatar\/247b43c92937c97e6e1676ef357f9f5b0c592890e34a90558fff8368b22da015?s=96&d=mm&r=g\",\"contentUrl\":\"https:\/\/secure.gravatar.com\/avatar\/247b43c92937c97e6e1676ef357f9f5b0c592890e34a90558fff8368b22da015?s=96&d=mm&r=g\",\"caption\":\"Secretaria\"},\"sameAs\":[\"http:\/\/academianutricion.org\"]}]}<\/script>\n<!-- \/ Yoast SEO plugin. -->","yoast_head_json":{"title":"Postura de la Academia Espa\u00f1ola de Nutrici\u00f3n y Diet\u00e9tica sobre el papel de los zumos de frutas en el marco de una alimentaci\u00f3n saludable - Academia Espa\u00f1ola de Nutrici\u00f3n y Diet\u00e9tica","description":"Documento de postura de La Academia sobre el papel de los zumos de frutas en el marco de una alimentaci\u00f3n saludable.","robots":{"index":"index","follow":"follow","max-snippet":"max-snippet:-1","max-image-preview":"max-image-preview:large","max-video-preview":"max-video-preview:-1"},"canonical":"https:\/\/www.academianutricionydietetica.org\/pro\/documentos\/posicionamiento\/postura-de-la-academia-zumos-de-frutas-2\/","og_locale":"es_ES","og_type":"article","og_title":"Postura de la Academia Espa\u00f1ola de Nutrici\u00f3n y Diet\u00e9tica sobre el papel de los zumos de frutas en el marco de una alimentaci\u00f3n saludable - Academia Espa\u00f1ola de Nutrici\u00f3n y Diet\u00e9tica","og_description":"Documento de postura de La Academia sobre el papel de los zumos de frutas en el marco de una alimentaci\u00f3n saludable.","og_url":"https:\/\/www.academianutricionydietetica.org\/pro\/documentos\/posicionamiento\/postura-de-la-academia-zumos-de-frutas-2\/","og_site_name":"Academia Espa\u00f1ola de Nutrici\u00f3n y Diet\u00e9tica","article_published_time":"2026-03-23T16:58:24+00:00","article_modified_time":"2026-03-23T16:58:25+00:00","author":"Secretaria","twitter_card":"summary_large_image","twitter_misc":{"Escrito por":"Secretaria","Tiempo de lectura":"1 minuto"},"schema":{"@context":"https:\/\/schema.org","@graph":[{"@type":"Article","@id":"https:\/\/www.academianutricionydietetica.org\/pro\/documentos\/posicionamiento\/postura-de-la-academia-zumos-de-frutas-2\/#article","isPartOf":{"@id":"https:\/\/www.academianutricionydietetica.org\/pro\/documentos\/posicionamiento\/postura-de-la-academia-zumos-de-frutas-2\/"},"author":{"name":"Secretaria","@id":"https:\/\/www.academianutricionydietetica.org\/pro\/#\/schema\/person\/e9d1b91e24e7716303b883696c369b10"},"headline":"Postura de la Academia Espa\u00f1ola de Nutrici\u00f3n y Diet\u00e9tica sobre el papel de los zumos de frutas en el marco de una alimentaci\u00f3n saludable","datePublished":"2026-03-23T16:58:24+00:00","dateModified":"2026-03-23T16:58:25+00:00","mainEntityOfPage":{"@id":"https:\/\/www.academianutricionydietetica.org\/pro\/documentos\/posicionamiento\/postura-de-la-academia-zumos-de-frutas-2\/"},"wordCount":35,"articleSection":["Documentos de posicionamiento"],"inLanguage":"es"},{"@type":"WebPage","@id":"https:\/\/www.academianutricionydietetica.org\/pro\/documentos\/posicionamiento\/postura-de-la-academia-zumos-de-frutas-2\/","url":"https:\/\/www.academianutricionydietetica.org\/pro\/documentos\/posicionamiento\/postura-de-la-academia-zumos-de-frutas-2\/","name":"Postura de la Academia Espa\u00f1ola de Nutrici\u00f3n y Diet\u00e9tica sobre el papel de los zumos de frutas en el marco de una alimentaci\u00f3n saludable - Academia Espa\u00f1ola de Nutrici\u00f3n y Diet\u00e9tica","isPartOf":{"@id":"https:\/\/www.academianutricionydietetica.org\/pro\/#website"},"datePublished":"2026-03-23T16:58:24+00:00","dateModified":"2026-03-23T16:58:25+00:00","author":{"@id":"https:\/\/www.academianutricionydietetica.org\/pro\/#\/schema\/person\/e9d1b91e24e7716303b883696c369b10"},"description":"Documento de postura de La Academia sobre el papel de los zumos de frutas en el marco de una alimentaci\u00f3n saludable.","breadcrumb":{"@id":"https:\/\/www.academianutricionydietetica.org\/pro\/documentos\/posicionamiento\/postura-de-la-academia-zumos-de-frutas-2\/#breadcrumb"},"inLanguage":"es","potentialAction":[{"@type":"ReadAction","target":["https:\/\/www.academianutricionydietetica.org\/pro\/documentos\/posicionamiento\/postura-de-la-academia-zumos-de-frutas-2\/"]}]},{"@type":"BreadcrumbList","@id":"https:\/\/www.academianutricionydietetica.org\/pro\/documentos\/posicionamiento\/postura-de-la-academia-zumos-de-frutas-2\/#breadcrumb","itemListElement":[{"@type":"ListItem","position":1,"name":"Inicio","item":"https:\/\/www.academianutricionydietetica.org\/pro\/"},{"@type":"ListItem","position":2,"name":"Documentos","item":"https:\/\/www.academianutricionydietetica.org\/pro\/documentos\/"},{"@type":"ListItem","position":3,"name":"Documentos de posicionamiento","item":"https:\/\/www.academianutricionydietetica.org\/pro\/documentos\/posicionamiento\/"},{"@type":"ListItem","position":4,"name":"Postura de la Academia Espa\u00f1ola de Nutrici\u00f3n y Diet\u00e9tica sobre el papel de los zumos de frutas en el marco de una alimentaci\u00f3n saludable"}]},{"@type":"WebSite","@id":"https:\/\/www.academianutricionydietetica.org\/pro\/#website","url":"https:\/\/www.academianutricionydietetica.org\/pro\/","name":"Academia Espa\u00f1ola de Nutrici\u00f3n y Diet\u00e9tica","description":"Formaci\u00f3n, noticias, jornadas y eventos","potentialAction":[{"@type":"SearchAction","target":{"@type":"EntryPoint","urlTemplate":"https:\/\/www.academianutricionydietetica.org\/pro\/?s={search_term_string}"},"query-input":{"@type":"PropertyValueSpecification","valueRequired":true,"valueName":"search_term_string"}}],"inLanguage":"es"},{"@type":"Person","@id":"https:\/\/www.academianutricionydietetica.org\/pro\/#\/schema\/person\/e9d1b91e24e7716303b883696c369b10","name":"Secretaria","image":{"@type":"ImageObject","inLanguage":"es","@id":"https:\/\/www.academianutricionydietetica.org\/pro\/#\/schema\/person\/image\/","url":"https:\/\/secure.gravatar.com\/avatar\/247b43c92937c97e6e1676ef357f9f5b0c592890e34a90558fff8368b22da015?s=96&d=mm&r=g","contentUrl":"https:\/\/secure.gravatar.com\/avatar\/247b43c92937c97e6e1676ef357f9f5b0c592890e34a90558fff8368b22da015?s=96&d=mm&r=g","caption":"Secretaria"},"sameAs":["http:\/\/academianutricion.org"]}]}},"_links":{"self":[{"href":"https:\/\/www.academianutricionydietetica.org\/pro\/wp-json\/wp\/v2\/posts\/24634","targetHints":{"allow":["GET"]}}],"collection":[{"href":"https:\/\/www.academianutricionydietetica.org\/pro\/wp-json\/wp\/v2\/posts"}],"about":[{"href":"https:\/\/www.academianutricionydietetica.org\/pro\/wp-json\/wp\/v2\/types\/post"}],"author":[{"embeddable":true,"href":"https:\/\/www.academianutricionydietetica.org\/pro\/wp-json\/wp\/v2\/users\/4"}],"replies":[{"embeddable":true,"href":"https:\/\/www.academianutricionydietetica.org\/pro\/wp-json\/wp\/v2\/comments?post=24634"}],"version-history":[{"count":1,"href":"https:\/\/www.academianutricionydietetica.org\/pro\/wp-json\/wp\/v2\/posts\/24634\/revisions"}],"predecessor-version":[{"id":24636,"href":"https:\/\/www.academianutricionydietetica.org\/pro\/wp-json\/wp\/v2\/posts\/24634\/revisions\/24636"}],"wp:attachment":[{"href":"https:\/\/www.academianutricionydietetica.org\/pro\/wp-json\/wp\/v2\/media?parent=24634"}],"wp:term":[{"taxonomy":"category","embeddable":true,"href":"https:\/\/www.academianutricionydietetica.org\/pro\/wp-json\/wp\/v2\/categories?post=24634"},{"taxonomy":"post_tag","embeddable":true,"href":"https:\/\/www.academianutricionydietetica.org\/pro\/wp-json\/wp\/v2\/tags?post=24634"}],"curies":[{"name":"wp","href":"https:\/\/api.w.org\/{rel}","templated":true}]}}