{"id":24685,"date":"2026-04-09T15:06:59","date_gmt":"2026-04-09T15:06:59","guid":{"rendered":"https:\/\/www.academianutricionydietetica.org\/pro\/?p=24685"},"modified":"2026-04-10T15:14:46","modified_gmt":"2026-04-10T15:14:46","slug":"distintivo-de-calidad-academia","status":"publish","type":"post","link":"https:\/\/www.academianutricionydietetica.org\/pro\/noticias\/distintivo-de-calidad-academia\/","title":{"rendered":"La Academia Espa\u00f1ola de Nutrici\u00f3n y Diet\u00e9tica refuerza el valor profesional de sus miembros con su distintivo oficial"},"content":{"rendered":"<div class=\"wp-block-image\">\n<figure class=\"aligncenter size-large\"><img loading=\"lazy\" decoding=\"async\" width=\"1024\" height=\"1024\" src=\"https:\/\/www.academianutricionydietetica.org\/pro\/uploads\/NOTICIAS\/Noticias\/2026_AEND_online_redes_uso_logo-1024x1024.jpg\" alt=\"Distintivo Academia\" class=\"wp-image-24686\" srcset=\"https:\/\/www.academianutricionydietetica.org\/pro\/uploads\/NOTICIAS\/Noticias\/2026_AEND_online_redes_uso_logo-1024x1024.jpg 1024w, https:\/\/www.academianutricionydietetica.org\/pro\/uploads\/NOTICIAS\/Noticias\/2026_AEND_online_redes_uso_logo-300x300.jpg 300w, https:\/\/www.academianutricionydietetica.org\/pro\/uploads\/NOTICIAS\/Noticias\/2026_AEND_online_redes_uso_logo-150x150.jpg 150w, https:\/\/www.academianutricionydietetica.org\/pro\/uploads\/NOTICIAS\/Noticias\/2026_AEND_online_redes_uso_logo-768x768.jpg 768w, https:\/\/www.academianutricionydietetica.org\/pro\/uploads\/NOTICIAS\/Noticias\/2026_AEND_online_redes_uso_logo-1536x1536.jpg 1536w, https:\/\/www.academianutricionydietetica.org\/pro\/uploads\/NOTICIAS\/Noticias\/2026_AEND_online_redes_uso_logo-2048x2048.jpg 2048w\" sizes=\"auto, (max-width: 1024px) 100vw, 1024px\" \/><\/figure>\n<\/div>\n\n\n<p><em>El uso del distintivo de la Academia se consolida como una herramienta clave para garantizar confianza, rigor cient\u00edfico y diferenciaci\u00f3n profesional en el \u00e1mbito de la nutrici\u00f3n.<\/em><\/p>\n\n\n\n<p>En un contexto donde la desinformaci\u00f3n nutricional contin\u00faa creciendo, la Academia Espa\u00f1ola de Nutrici\u00f3n y Diet\u00e9tica impulsa iniciativas que refuerzan la credibilidad de los profesionales cualificados. Entre ellas, destaca el uso de su distintivo oficial, un recurso exclusivo para miembros que simboliza el compromiso con la evidencia cient\u00edfica, la \u00e9tica y la independencia profesional.<\/p>\n\n\n\n<p>Este distintivo permite a dietistas-nutricionistas identificarse como parte de una instituci\u00f3n libre de conflictos de inter\u00e9s, ya que su uso est\u00e1 condicionado a pr\u00e1cticas basadas en la evidencia y alejadas de intereses comerciales o publicitarios de la industria alimentaria y farmac\u00e9utica. De esta forma, no solo aporta valor al profesional, sino que tambi\u00e9n act\u00faa como una garant\u00eda para pacientes y usuarios.<\/p>\n\n\n\n<p>Adem\u00e1s de su valor reputacional, el distintivo puede utilizarse en m\u00faltiples soportes: desde consultas y uniformes hasta p\u00e1ginas web, redes sociales o materiales profesionales, reforzando la visibilidad y reconocimiento del dietista-nutricionista. Su incorporaci\u00f3n a la pr\u00e1ctica diaria contribuye a diferenciar claramente a los profesionales cualificados frente al intrusismo, una de las principales preocupaciones del sector.<\/p>\n\n\n\n<p>Ser miembro de la Academia no solo permite acceder a este distintivo, sino tambi\u00e9n a una amplia red de recursos cient\u00edficos, formaci\u00f3n acreditada, herramientas profesionales y ventajas en congresos y actividades especializadas. Todo ello refuerza el desarrollo continuo del profesional y su posicionamiento en un entorno cada vez m\u00e1s exigente.<\/p>\n\n\n\n<p>En definitiva, el distintivo de la Academia se presenta como mucho m\u00e1s que un elemento visual: es un sello de calidad, \u00e9tica y rigor que respalda el trabajo del dietista-nutricionista y fortalece la confianza de la sociedad en la profesi\u00f3n. Por ello, desde la Academia se anima a los profesionales a formar parte activa de esta comunidad y a aprovechar las herramientas que contribuyen a dignificar y visibilizar la profesi\u00f3n.<\/p>\n\n\n\n<div class=\"wp-block-buttons is-content-justification-center is-layout-flex wp-container-core-buttons-is-layout-16018d1d wp-block-buttons-is-layout-flex\">\n<div class=\"wp-block-button is-style-fill\"><a class=\"wp-block-button__link has-background has-custom-font-size wp-element-button\" href=\"https:\/\/www.academianutricionydietetica.org\/pro\/alta-academia\/\" style=\"border-radius:0px;background-color:#7aa8ae;font-size:12px\"><strong>DATE DE ALTA EN LA ACADEMIA Y ACCEDE A ESTE DISTINTIVO<\/strong><\/a><\/div>\n<\/div>\n\n\n\n<p><\/p>\n\n\n\n<div class=\"wp-block-media-text alignwide is-stacked-on-mobile\" style=\"grid-template-columns:15% auto\"><figure class=\"wp-block-media-text__media\"><img loading=\"lazy\" decoding=\"async\" width=\"512\" height=\"512\" src=\"https:\/\/www.academianutricionydietetica.org\/pro\/wp-content\/uploads\/2022\/07\/cropped-AEND_logo_color_512x512.png\" alt=\"\" class=\"wp-image-19560 size-full\" srcset=\"https:\/\/www.academianutricionydietetica.org\/pro\/uploads\/2022\/07\/cropped-AEND_logo_color_512x512.png 512w, https:\/\/www.academianutricionydietetica.org\/pro\/uploads\/2022\/07\/cropped-AEND_logo_color_512x512-300x300.png 300w, https:\/\/www.academianutricionydietetica.org\/pro\/uploads\/2022\/07\/cropped-AEND_logo_color_512x512-150x150.png 150w, https:\/\/www.academianutricionydietetica.org\/pro\/uploads\/2022\/07\/cropped-AEND_logo_color_512x512-270x270.png 270w, https:\/\/www.academianutricionydietetica.org\/pro\/uploads\/2022\/07\/cropped-AEND_logo_color_512x512-192x192.png 192w, https:\/\/www.academianutricionydietetica.org\/pro\/uploads\/2022\/07\/cropped-AEND_logo_color_512x512-180x180.png 180w, https:\/\/www.academianutricionydietetica.org\/pro\/uploads\/2022\/07\/cropped-AEND_logo_color_512x512-32x32.png 32w\" sizes=\"auto, (max-width: 512px) 100vw, 512px\" \/><\/figure><div class=\"wp-block-media-text__content\">\n<p style=\"font-size:14px\">La Academia se reserva el derecho de publicaci\u00f3n atendiendo a cuestiones de evidencia, \u00e9tica y posibles conflictos de inter\u00e9s que ser\u00e1n debidamente notificados a los interesados.<\/p>\n<\/div><\/div>\n","protected":false},"excerpt":{"rendered":"<p>El uso del distintivo de la Academia se consolida como una herramienta clave para garantizar confianza, rigor cient\u00edfico y diferenciaci\u00f3n profesional en el \u00e1mbito de la nutrici\u00f3n. En un contexto<\/p>\n","protected":false},"author":4,"featured_media":0,"comment_status":"closed","ping_status":"open","sticky":false,"template":"","format":"standard","meta":{"_acf_changed":false,"_monsterinsights_skip_tracking":false,"_monsterinsights_sitenote_active":false,"_monsterinsights_sitenote_note":"","_monsterinsights_sitenote_category":0,"footnotes":""},"categories":[116],"tags":[],"class_list":["post-24685","post","type-post","status-publish","format-standard","hentry","category-noticias"],"acf":[],"yoast_head":"<!-- This site is optimized with the Yoast SEO plugin v26.7 - https:\/\/yoast.com\/wordpress\/plugins\/seo\/ -->\n<title>Dist\u00ednguete entre otros profesionales con este sello de calidad<\/title>\n<meta name=\"description\" content=\"La Academia Espa\u00f1ola de Nutrici\u00f3n y Diet\u00e9tica refuerza el valor profesional de sus miembros con su distintivo oficial.\" \/>\n<meta name=\"robots\" content=\"index, follow, max-snippet:-1, max-image-preview:large, max-video-preview:-1\" \/>\n<link rel=\"canonical\" href=\"https:\/\/www.academianutricionydietetica.org\/pro\/noticias\/distintivo-de-calidad-academia\/\" \/>\n<meta property=\"og:locale\" content=\"es_ES\" \/>\n<meta property=\"og:type\" content=\"article\" \/>\n<meta property=\"og:title\" content=\"Dist\u00ednguete entre otros profesionales con este sello de calidad\" \/>\n<meta property=\"og:description\" content=\"La Academia Espa\u00f1ola de Nutrici\u00f3n y Diet\u00e9tica refuerza el valor profesional de sus miembros con su distintivo oficial.\" \/>\n<meta property=\"og:url\" content=\"https:\/\/www.academianutricionydietetica.org\/pro\/noticias\/distintivo-de-calidad-academia\/\" \/>\n<meta property=\"og:site_name\" content=\"Academia Espa\u00f1ola de Nutrici\u00f3n y Diet\u00e9tica\" \/>\n<meta property=\"article:published_time\" content=\"2026-04-09T15:06:59+00:00\" \/>\n<meta property=\"article:modified_time\" content=\"2026-04-10T15:14:46+00:00\" \/>\n<meta property=\"og:image\" content=\"https:\/\/www.academianutricionydietetica.org\/pro\/uploads\/NOTICIAS\/Noticias\/2026_AEND_online_redes_uso_logo-1024x1024.jpg\" \/>\n\t<meta property=\"og:image:width\" content=\"1024\" \/>\n\t<meta property=\"og:image:height\" content=\"1024\" \/>\n\t<meta property=\"og:image:type\" content=\"image\/jpeg\" \/>\n<meta name=\"author\" content=\"Secretaria\" \/>\n<meta name=\"twitter:card\" content=\"summary_large_image\" \/>\n<meta name=\"twitter:label1\" content=\"Escrito por\" \/>\n\t<meta name=\"twitter:data1\" content=\"Secretaria\" \/>\n\t<meta name=\"twitter:label2\" content=\"Tiempo de lectura\" \/>\n\t<meta name=\"twitter:data2\" content=\"3 minutos\" \/>\n<script type=\"application\/ld+json\" class=\"yoast-schema-graph\">{\"@context\":\"https:\/\/schema.org\",\"@graph\":[{\"@type\":\"Article\",\"@id\":\"https:\/\/www.academianutricionydietetica.org\/pro\/noticias\/distintivo-de-calidad-academia\/#article\",\"isPartOf\":{\"@id\":\"https:\/\/www.academianutricionydietetica.org\/pro\/noticias\/distintivo-de-calidad-academia\/\"},\"author\":{\"name\":\"Secretaria\",\"@id\":\"https:\/\/www.academianutricionydietetica.org\/pro\/#\/schema\/person\/e9d1b91e24e7716303b883696c369b10\"},\"headline\":\"La Academia Espa\u00f1ola de Nutrici\u00f3n y Diet\u00e9tica refuerza el valor profesional de sus miembros con su distintivo oficial\",\"datePublished\":\"2026-04-09T15:06:59+00:00\",\"dateModified\":\"2026-04-10T15:14:46+00:00\",\"mainEntityOfPage\":{\"@id\":\"https:\/\/www.academianutricionydietetica.org\/pro\/noticias\/distintivo-de-calidad-academia\/\"},\"wordCount\":406,\"image\":{\"@id\":\"https:\/\/www.academianutricionydietetica.org\/pro\/noticias\/distintivo-de-calidad-academia\/#primaryimage\"},\"thumbnailUrl\":\"https:\/\/www.academianutricionydietetica.org\/pro\/uploads\/NOTICIAS\/Noticias\/2026_AEND_online_redes_uso_logo-1024x1024.jpg\",\"articleSection\":[\"Noticias\"],\"inLanguage\":\"es\"},{\"@type\":\"WebPage\",\"@id\":\"https:\/\/www.academianutricionydietetica.org\/pro\/noticias\/distintivo-de-calidad-academia\/\",\"url\":\"https:\/\/www.academianutricionydietetica.org\/pro\/noticias\/distintivo-de-calidad-academia\/\",\"name\":\"Dist\u00ednguete entre otros profesionales con este sello de calidad\",\"isPartOf\":{\"@id\":\"https:\/\/www.academianutricionydietetica.org\/pro\/#website\"},\"primaryImageOfPage\":{\"@id\":\"https:\/\/www.academianutricionydietetica.org\/pro\/noticias\/distintivo-de-calidad-academia\/#primaryimage\"},\"image\":{\"@id\":\"https:\/\/www.academianutricionydietetica.org\/pro\/noticias\/distintivo-de-calidad-academia\/#primaryimage\"},\"thumbnailUrl\":\"https:\/\/www.academianutricionydietetica.org\/pro\/uploads\/NOTICIAS\/Noticias\/2026_AEND_online_redes_uso_logo-1024x1024.jpg\",\"datePublished\":\"2026-04-09T15:06:59+00:00\",\"dateModified\":\"2026-04-10T15:14:46+00:00\",\"author\":{\"@id\":\"https:\/\/www.academianutricionydietetica.org\/pro\/#\/schema\/person\/e9d1b91e24e7716303b883696c369b10\"},\"description\":\"La Academia Espa\u00f1ola de Nutrici\u00f3n y Diet\u00e9tica refuerza el valor profesional de sus miembros con su distintivo oficial.\",\"breadcrumb\":{\"@id\":\"https:\/\/www.academianutricionydietetica.org\/pro\/noticias\/distintivo-de-calidad-academia\/#breadcrumb\"},\"inLanguage\":\"es\",\"potentialAction\":[{\"@type\":\"ReadAction\",\"target\":[\"https:\/\/www.academianutricionydietetica.org\/pro\/noticias\/distintivo-de-calidad-academia\/\"]}]},{\"@type\":\"ImageObject\",\"inLanguage\":\"es\",\"@id\":\"https:\/\/www.academianutricionydietetica.org\/pro\/noticias\/distintivo-de-calidad-academia\/#primaryimage\",\"url\":\"https:\/\/www.academianutricionydietetica.org\/pro\/uploads\/NOTICIAS\/Noticias\/2026_AEND_online_redes_uso_logo.jpg\",\"contentUrl\":\"https:\/\/www.academianutricionydietetica.org\/pro\/uploads\/NOTICIAS\/Noticias\/2026_AEND_online_redes_uso_logo.jpg\",\"width\":6260,\"height\":6260,\"caption\":\"Distintivo Academia\"},{\"@type\":\"BreadcrumbList\",\"@id\":\"https:\/\/www.academianutricionydietetica.org\/pro\/noticias\/distintivo-de-calidad-academia\/#breadcrumb\",\"itemListElement\":[{\"@type\":\"ListItem\",\"position\":1,\"name\":\"Inicio\",\"item\":\"https:\/\/www.academianutricionydietetica.org\/pro\/\"},{\"@type\":\"ListItem\",\"position\":2,\"name\":\"Noticias\",\"item\":\"https:\/\/www.academianutricionydietetica.org\/pro\/noticias\/\"},{\"@type\":\"ListItem\",\"position\":3,\"name\":\"La Academia Espa\u00f1ola de Nutrici\u00f3n y Diet\u00e9tica refuerza el valor profesional de sus miembros con su distintivo oficial\"}]},{\"@type\":\"WebSite\",\"@id\":\"https:\/\/www.academianutricionydietetica.org\/pro\/#website\",\"url\":\"https:\/\/www.academianutricionydietetica.org\/pro\/\",\"name\":\"Academia Espa\u00f1ola de Nutrici\u00f3n y Diet\u00e9tica\",\"description\":\"Formaci\u00f3n, noticias, jornadas y eventos\",\"potentialAction\":[{\"@type\":\"SearchAction\",\"target\":{\"@type\":\"EntryPoint\",\"urlTemplate\":\"https:\/\/www.academianutricionydietetica.org\/pro\/?s={search_term_string}\"},\"query-input\":{\"@type\":\"PropertyValueSpecification\",\"valueRequired\":true,\"valueName\":\"search_term_string\"}}],\"inLanguage\":\"es\"},{\"@type\":\"Person\",\"@id\":\"https:\/\/www.academianutricionydietetica.org\/pro\/#\/schema\/person\/e9d1b91e24e7716303b883696c369b10\",\"name\":\"Secretaria\",\"image\":{\"@type\":\"ImageObject\",\"inLanguage\":\"es\",\"@id\":\"https:\/\/www.academianutricionydietetica.org\/pro\/#\/schema\/person\/image\/\",\"url\":\"https:\/\/secure.gravatar.com\/avatar\/247b43c92937c97e6e1676ef357f9f5b0c592890e34a90558fff8368b22da015?s=96&d=mm&r=g\",\"contentUrl\":\"https:\/\/secure.gravatar.com\/avatar\/247b43c92937c97e6e1676ef357f9f5b0c592890e34a90558fff8368b22da015?s=96&d=mm&r=g\",\"caption\":\"Secretaria\"},\"sameAs\":[\"http:\/\/academianutricion.org\"]}]}<\/script>\n<!-- \/ Yoast SEO plugin. -->","yoast_head_json":{"title":"Dist\u00ednguete entre otros profesionales con este sello de calidad","description":"La Academia Espa\u00f1ola de Nutrici\u00f3n y Diet\u00e9tica refuerza el valor profesional de sus miembros con su distintivo oficial.","robots":{"index":"index","follow":"follow","max-snippet":"max-snippet:-1","max-image-preview":"max-image-preview:large","max-video-preview":"max-video-preview:-1"},"canonical":"https:\/\/www.academianutricionydietetica.org\/pro\/noticias\/distintivo-de-calidad-academia\/","og_locale":"es_ES","og_type":"article","og_title":"Dist\u00ednguete entre otros profesionales con este sello de calidad","og_description":"La Academia Espa\u00f1ola de Nutrici\u00f3n y Diet\u00e9tica refuerza el valor profesional de sus miembros con su distintivo oficial.","og_url":"https:\/\/www.academianutricionydietetica.org\/pro\/noticias\/distintivo-de-calidad-academia\/","og_site_name":"Academia Espa\u00f1ola de Nutrici\u00f3n y Diet\u00e9tica","article_published_time":"2026-04-09T15:06:59+00:00","article_modified_time":"2026-04-10T15:14:46+00:00","og_image":[{"width":1024,"height":1024,"url":"https:\/\/www.academianutricionydietetica.org\/pro\/uploads\/NOTICIAS\/Noticias\/2026_AEND_online_redes_uso_logo-1024x1024.jpg","type":"image\/jpeg"}],"author":"Secretaria","twitter_card":"summary_large_image","twitter_misc":{"Escrito por":"Secretaria","Tiempo de lectura":"3 minutos"},"schema":{"@context":"https:\/\/schema.org","@graph":[{"@type":"Article","@id":"https:\/\/www.academianutricionydietetica.org\/pro\/noticias\/distintivo-de-calidad-academia\/#article","isPartOf":{"@id":"https:\/\/www.academianutricionydietetica.org\/pro\/noticias\/distintivo-de-calidad-academia\/"},"author":{"name":"Secretaria","@id":"https:\/\/www.academianutricionydietetica.org\/pro\/#\/schema\/person\/e9d1b91e24e7716303b883696c369b10"},"headline":"La Academia Espa\u00f1ola de Nutrici\u00f3n y Diet\u00e9tica refuerza el valor profesional de sus miembros con su distintivo oficial","datePublished":"2026-04-09T15:06:59+00:00","dateModified":"2026-04-10T15:14:46+00:00","mainEntityOfPage":{"@id":"https:\/\/www.academianutricionydietetica.org\/pro\/noticias\/distintivo-de-calidad-academia\/"},"wordCount":406,"image":{"@id":"https:\/\/www.academianutricionydietetica.org\/pro\/noticias\/distintivo-de-calidad-academia\/#primaryimage"},"thumbnailUrl":"https:\/\/www.academianutricionydietetica.org\/pro\/uploads\/NOTICIAS\/Noticias\/2026_AEND_online_redes_uso_logo-1024x1024.jpg","articleSection":["Noticias"],"inLanguage":"es"},{"@type":"WebPage","@id":"https:\/\/www.academianutricionydietetica.org\/pro\/noticias\/distintivo-de-calidad-academia\/","url":"https:\/\/www.academianutricionydietetica.org\/pro\/noticias\/distintivo-de-calidad-academia\/","name":"Dist\u00ednguete entre otros profesionales con este sello de calidad","isPartOf":{"@id":"https:\/\/www.academianutricionydietetica.org\/pro\/#website"},"primaryImageOfPage":{"@id":"https:\/\/www.academianutricionydietetica.org\/pro\/noticias\/distintivo-de-calidad-academia\/#primaryimage"},"image":{"@id":"https:\/\/www.academianutricionydietetica.org\/pro\/noticias\/distintivo-de-calidad-academia\/#primaryimage"},"thumbnailUrl":"https:\/\/www.academianutricionydietetica.org\/pro\/uploads\/NOTICIAS\/Noticias\/2026_AEND_online_redes_uso_logo-1024x1024.jpg","datePublished":"2026-04-09T15:06:59+00:00","dateModified":"2026-04-10T15:14:46+00:00","author":{"@id":"https:\/\/www.academianutricionydietetica.org\/pro\/#\/schema\/person\/e9d1b91e24e7716303b883696c369b10"},"description":"La Academia Espa\u00f1ola de Nutrici\u00f3n y Diet\u00e9tica refuerza el valor profesional de sus miembros con su distintivo oficial.","breadcrumb":{"@id":"https:\/\/www.academianutricionydietetica.org\/pro\/noticias\/distintivo-de-calidad-academia\/#breadcrumb"},"inLanguage":"es","potentialAction":[{"@type":"ReadAction","target":["https:\/\/www.academianutricionydietetica.org\/pro\/noticias\/distintivo-de-calidad-academia\/"]}]},{"@type":"ImageObject","inLanguage":"es","@id":"https:\/\/www.academianutricionydietetica.org\/pro\/noticias\/distintivo-de-calidad-academia\/#primaryimage","url":"https:\/\/www.academianutricionydietetica.org\/pro\/uploads\/NOTICIAS\/Noticias\/2026_AEND_online_redes_uso_logo.jpg","contentUrl":"https:\/\/www.academianutricionydietetica.org\/pro\/uploads\/NOTICIAS\/Noticias\/2026_AEND_online_redes_uso_logo.jpg","width":6260,"height":6260,"caption":"Distintivo Academia"},{"@type":"BreadcrumbList","@id":"https:\/\/www.academianutricionydietetica.org\/pro\/noticias\/distintivo-de-calidad-academia\/#breadcrumb","itemListElement":[{"@type":"ListItem","position":1,"name":"Inicio","item":"https:\/\/www.academianutricionydietetica.org\/pro\/"},{"@type":"ListItem","position":2,"name":"Noticias","item":"https:\/\/www.academianutricionydietetica.org\/pro\/noticias\/"},{"@type":"ListItem","position":3,"name":"La Academia Espa\u00f1ola de Nutrici\u00f3n y Diet\u00e9tica refuerza el valor profesional de sus miembros con su distintivo oficial"}]},{"@type":"WebSite","@id":"https:\/\/www.academianutricionydietetica.org\/pro\/#website","url":"https:\/\/www.academianutricionydietetica.org\/pro\/","name":"Academia Espa\u00f1ola de Nutrici\u00f3n y Diet\u00e9tica","description":"Formaci\u00f3n, noticias, jornadas y eventos","potentialAction":[{"@type":"SearchAction","target":{"@type":"EntryPoint","urlTemplate":"https:\/\/www.academianutricionydietetica.org\/pro\/?s={search_term_string}"},"query-input":{"@type":"PropertyValueSpecification","valueRequired":true,"valueName":"search_term_string"}}],"inLanguage":"es"},{"@type":"Person","@id":"https:\/\/www.academianutricionydietetica.org\/pro\/#\/schema\/person\/e9d1b91e24e7716303b883696c369b10","name":"Secretaria","image":{"@type":"ImageObject","inLanguage":"es","@id":"https:\/\/www.academianutricionydietetica.org\/pro\/#\/schema\/person\/image\/","url":"https:\/\/secure.gravatar.com\/avatar\/247b43c92937c97e6e1676ef357f9f5b0c592890e34a90558fff8368b22da015?s=96&d=mm&r=g","contentUrl":"https:\/\/secure.gravatar.com\/avatar\/247b43c92937c97e6e1676ef357f9f5b0c592890e34a90558fff8368b22da015?s=96&d=mm&r=g","caption":"Secretaria"},"sameAs":["http:\/\/academianutricion.org"]}]}},"_links":{"self":[{"href":"https:\/\/www.academianutricionydietetica.org\/pro\/wp-json\/wp\/v2\/posts\/24685","targetHints":{"allow":["GET"]}}],"collection":[{"href":"https:\/\/www.academianutricionydietetica.org\/pro\/wp-json\/wp\/v2\/posts"}],"about":[{"href":"https:\/\/www.academianutricionydietetica.org\/pro\/wp-json\/wp\/v2\/types\/post"}],"author":[{"embeddable":true,"href":"https:\/\/www.academianutricionydietetica.org\/pro\/wp-json\/wp\/v2\/users\/4"}],"replies":[{"embeddable":true,"href":"https:\/\/www.academianutricionydietetica.org\/pro\/wp-json\/wp\/v2\/comments?post=24685"}],"version-history":[{"count":3,"href":"https:\/\/www.academianutricionydietetica.org\/pro\/wp-json\/wp\/v2\/posts\/24685\/revisions"}],"predecessor-version":[{"id":24690,"href":"https:\/\/www.academianutricionydietetica.org\/pro\/wp-json\/wp\/v2\/posts\/24685\/revisions\/24690"}],"wp:attachment":[{"href":"https:\/\/www.academianutricionydietetica.org\/pro\/wp-json\/wp\/v2\/media?parent=24685"}],"wp:term":[{"taxonomy":"category","embeddable":true,"href":"https:\/\/www.academianutricionydietetica.org\/pro\/wp-json\/wp\/v2\/categories?post=24685"},{"taxonomy":"post_tag","embeddable":true,"href":"https:\/\/www.academianutricionydietetica.org\/pro\/wp-json\/wp\/v2\/tags?post=24685"}],"curies":[{"name":"wp","href":"https:\/\/api.w.org\/{rel}","templated":true}]}}